{"id":7698,"date":"2018-12-25T16:54:51","date_gmt":"2018-12-25T16:54:51","guid":{"rendered":"http:\/\/ppsmaroc.com\/fr\/?p=7698"},"modified":"2018-12-25T16:54:51","modified_gmt":"2018-12-25T16:54:51","slug":"le-retroviseur","status":"publish","type":"post","link":"https:\/\/pps.ma\/fr\/7698\/","title":{"rendered":"Le r\u00e9troviseur"},"content":{"rendered":"<p><span style=\"color: #3366ff;\">Par Abdeslam Seddiki<\/span><\/p>\n<p><img loading=\"lazy\" decoding=\"async\" class=\"aligncenter size-full wp-image-7337\" src=\"http:\/\/ppsmaroc.com\/fr\/wp-content\/uploads\/2017\/11\/Abdeslam-Seddiki.png\" alt=\"\" width=\"669\" height=\"447\" srcset=\"https:\/\/pps.ma\/fr\/wp-content\/uploads\/2017\/11\/Abdeslam-Seddiki.png 669w, https:\/\/pps.ma\/fr\/wp-content\/uploads\/2017\/11\/Abdeslam-Seddiki-300x200.png 300w, https:\/\/pps.ma\/fr\/wp-content\/uploads\/2017\/11\/Abdeslam-Seddiki-90x60.png 90w, https:\/\/pps.ma\/fr\/wp-content\/uploads\/2017\/11\/Abdeslam-Seddiki-180x120.png 180w, https:\/\/pps.ma\/fr\/wp-content\/uploads\/2017\/11\/Abdeslam-Seddiki-95x64.png 95w\" sizes=\"auto, (max-width: 669px) 100vw, 669px\" \/><\/p>\n<p>L\u2019histoire doit \u00eatre vue comme un r\u00e9troviseur. On y regarde pour mieux avancer et pour \u00e9viter des accidents de parcours. Alors qu\u2019on s\u2019appr\u00eate \u00e0 faire notre adieu \u00e0 l\u2019ann\u00e9e 2018 qui fera d\u00e9sormais partie de notre histoire, il n\u2019est pas sans int\u00e9r\u00eat de faire une br\u00e8ve r\u00e9trospective pour tirer les enseignements de ce qui a \u00e9t\u00e9 r\u00e9alis\u00e9 et de ce qui ne l\u2019a pas \u00e9t\u00e9 avant de \u00a0jeter un regard prospectif sur la nouvelle ann\u00e9e qui commence et qui constitue le passage vers la troisi\u00e8me d\u00e9cennie de ce XXI\u00e8me si\u00e8cle.<\/p>\n<p>Bien s\u00fbr, une ann\u00e9e correspond dans l\u2019\u00e9chelle historique \u00e0 un courte p\u00e9riode. Elle rel\u00e8ve du court terme. Et par cons\u00e9quent, on ne peut pas objectivement apercevoir les changements qui pourraient \u00e9ventuellement s\u2019y produire.\u00a0 C\u2019est pour cela que pour le citoyen lambda, il ne voit rien venir. Pour lui, tous les jours et toutes les ann\u00e9es se ressemblent surtout lorsque les accumulations quantitatives se font au compte go\u00fbte \u00a0et ne produisent pas un ressentiment positif chez la population.\u00a0 Le changement, qui se produit par une mutation qualitative de la soci\u00e9t\u00e9, n\u2019est appr\u00e9hend\u00e9 que sur une \u00e9chelle historique longue.\u00a0 Comme dans \u00ab\u00a0le long terme, nous serons tous morts\u00a0\u00bb selon l\u2019expression de Keynes, les gens sont int\u00e9ress\u00e9s surtout par le court terme.\u00a0 C\u2019est un paradoxe r\u00e9el qu\u2019il faudra prendre en consid\u00e9ration dans la mise en \u0153uvre des politiques publiques\u00a0: comment\u00a0 faire face aux besoins du court terme tout en alimentant l\u2019espoir sur le long terme\u00a0?<\/p>\n<p>D\u2019ailleurs, un examen attentif des donn\u00e9es statistiques de l\u2019ann\u00e9e 2018, telles qu\u2019elles ont \u00e9t\u00e9 mises \u00e0 jour\u00a0 par Bank Al Maghrib (www.bkam.ma) d\u00e9note une certaine continuit\u00e9, voire une ressemblance,\u00a0 par rapport \u00e0 l\u2019ann\u00e9e pr\u00e9c\u00e9dente.\u00a0 Qui plus est, m\u00eame en int\u00e9grant les pr\u00e9visions de 2019 et 2020, on ne voit pas de changement majeur ni d\u2019une inflexion de tendance apparente\u00a0: les taux de croissance varient dans une marge \u00e9troite de 3-4 %\u00a0; les taux d\u2019inflation oscillent entre 1-2 %\u00a0; le d\u00e9ficit budg\u00e9taire, \u00a0\u00e0 son tour, \u00a0demeure contenu au-dessous de la barre des \u00a04%\u00a0; le d\u00e9ficit du compte courant se situerait autour de 5%\u00a0; celui de la balance commerciale autour de 20%\u00a0; nos r\u00e9serves de devises permettent de couvrir un peu plus de 5 mois d\u2019importations de biens et services\u00a0; le ch\u00f4mage se maintient \u00e0 son niveau \u00a0quand il ne s\u2019aggrave pas pour certaines cat\u00e9gories sociales\u00a0; le SMIG reste grav\u00e9 sur une plaque de marbre depuis 2015\u2026.<\/p>\n<p>Au-del\u00e0 des statistiques qui, comme on vient de le voir, n\u2019apportent pas grand-chose, \u00a0du moins sur le court terme, que retenons-nous de l\u2019ann\u00e9e 2018\u00a0? Elle restera l\u2019ann\u00e9e du lancement de la LGV \u2013Al Boraq- reliant Tanger et Casablanca. Ce projet est unique en son genre sur le continent africain et fait partie des grands chantiers structurants qui ont vu le jour au cours des deux derni\u00e8res d\u00e9cennies.\u00a0 Mais ces m\u00e9gaprojets, nonobstant leur utilit\u00e9 \u00e9vidente et indiscutable, \u00a0\u00a0sont comme l\u2019arbre de l\u2019olivier\u00a0: ils ne commencent \u00e0 donner leur fruit qu\u2019\u00e0 partir de cinq ans au minimum. \u00a0\u00a0D\u2019o\u00f9 certaines r\u00e9actions \u00e9manant des \u00ab\u00a0cassandre\u00a0\u00bb et de quelques milieux nihilistes\u00a0 qui n\u2019y voient que poudre aux yeux\u00a0!! Mais Al Boraq est l\u00e0. Il roule all\u00e9grement. Il faut simplement esp\u00e9rer qu\u2019il y en aura \u00e0 l\u2019avenir d\u2019autres\u00a0!!<\/p>\n<p>L\u2019ann\u00e9e 2018 restera aussi, et c\u2019est bien dommage, celle de trois \u00ab\u00a0ratages\u00a0\u00bb de la part du gouvernement\u00a0: celui de la r\u00e9forme de la formation professionnelle d\u2019abord, le gouvernement apr\u00e8s avoir b\u00e9n\u00e9fici\u00e9 d\u2019une session de rattrapage, s\u2019est vu rejeter le produit remis pour incoh\u00e9rence dans la m\u00e9thode et insuffisance dans l\u2019optique\u00a0; celui de l\u2019organisation des assises nationales sur la probl\u00e9matique de l\u2019emploi-formation ensuite. Pr\u00e9vu initialement pour \u00a0cl\u00f4turer l\u2019ann\u00e9e 2018, \u00a0cet \u00e9v\u00e9nement est renvoy\u00e9 en fin de compte \u00e0 une date ult\u00e9rieure. Comprendre aux calendes grecques\u00a0!\u00a0 Celui du dialogue social enfin. Ainsi,\u00a0 on vient de vivre une nouvelle ann\u00e9e blanche,\u00a0 bien que le terme ne soit pas bien \u00a0appropri\u00e9, qui vient s\u2019ajouter aux ann\u00e9es pr\u00e9c\u00e9dentes au grand dam des travailleuses et travailleurs \u00a0de ce pays et \u00e0 notre \u00a0paix sociale. Trois rendez-vous loup\u00e9s maladroitement et qui\u00a0 concernent tous des domaines vitaux pour l\u2019avenir de notre pays et\u00a0 de notre\u00a0 jeunesse !!<\/p>\n<p>On retiendra \u00e9galement de l\u2019ann\u00e9e 2018 celle du premier attentat terroriste commis sur notre territoire depuis\u00a0 celui de 2011. L\u2019attentat perp\u00e9tr\u00e9 par des \u00e9l\u00e9ments appartenant \u00e0 \u00a0la n\u00e9buleuse terroriste Daesh, ayant co\u00fbt\u00e9 la vie \u00e0 deux jeunes innocentes touristes scandinaves, constitue plus\u00a0\u00a0 qu\u2019un avertissement.\u00a0 Il montre,\u00a0 \u00e0 n\u2019en point douter, qu\u2019aucun pays n\u2019est \u00e0 l\u2019abri du danger terroriste qui utilise tous les moyens pour tuer des innocents et semer la peur en s\u2019attaquant aux fondements et valeurs\u00a0 de la civilisation universelle. Notre pays se doit d\u2019y faire face avec d\u00e9termination et se montrer toujours plus vigilant. Tous les moyens doivent \u00eatre d\u00e9ploy\u00e9s pour que plus jamais le terrorisme ne s\u00e9visse sur notre territoire. Le mal doit \u00eatre extrait \u00e0 sa racine\u00a0!!<\/p>\n<p>\u0152uvrons ensemble pour\u00a0 capitaliser les\u00a0 acquis \u00a0et corriger les \u00ab\u00a0ratages\u00a0\u00bb. Nous disposons d\u2019une chance, peut-\u00eatre historique, pour y parvenir. Celle de mettre en \u0153uvre un nouveau mod\u00e8le de d\u00e9veloppement auquel\u00a0 le peuple marocain, toutes composantes r\u00e9unies, est tr\u00e8s attentif. Un rendez-vous \u00e0 ne pas\u00a0\u00a0 manquer\u00a0!! En 2019 \u2026<\/p>\n<p><span style=\"color: #3366ff;\">Publi\u00e9 par Al Bayane du mercredi 26 d\u00e9cembre 2018<\/span><\/p>\n","protected":false},"excerpt":{"rendered":"<p>Par Abdeslam Seddiki L\u2019histoire doit \u00eatre vue comme un r\u00e9troviseur. On y regarde pour mieux avancer et pour \u00e9viter des accidents de parcours. Alors qu\u2019on s\u2019appr\u00eate \u00e0 faire notre adieu \u00e0 l\u2019ann\u00e9e 2018 qui fera d\u00e9sormais partie de notre histoire, il n\u2019est pas sans int\u00e9r\u00eat de faire une br\u00e8ve r\u00e9trospective pour tirer les enseignements de [&hellip;]<\/p>\n","protected":false},"author":1,"featured_media":7337,"comment_status":"open","ping_status":"open","sticky":false,"template":"","format":"standard","meta":{"footnotes":""},"categories":[18],"tags":[],"class_list":["post-7698","post","type-post","status-publish","format-standard","has-post-thumbnail","hentry","category-point-de-vue"],"_links":{"self":[{"href":"https:\/\/pps.ma\/fr\/wp-json\/wp\/v2\/posts\/7698","targetHints":{"allow":["GET"]}}],"collection":[{"href":"https:\/\/pps.ma\/fr\/wp-json\/wp\/v2\/posts"}],"about":[{"href":"https:\/\/pps.ma\/fr\/wp-json\/wp\/v2\/types\/post"}],"author":[{"embeddable":true,"href":"https:\/\/pps.ma\/fr\/wp-json\/wp\/v2\/users\/1"}],"replies":[{"embeddable":true,"href":"https:\/\/pps.ma\/fr\/wp-json\/wp\/v2\/comments?post=7698"}],"version-history":[{"count":1,"href":"https:\/\/pps.ma\/fr\/wp-json\/wp\/v2\/posts\/7698\/revisions"}],"predecessor-version":[{"id":7699,"href":"https:\/\/pps.ma\/fr\/wp-json\/wp\/v2\/posts\/7698\/revisions\/7699"}],"wp:featuredmedia":[{"embeddable":true,"href":"https:\/\/pps.ma\/fr\/wp-json\/wp\/v2\/media\/7337"}],"wp:attachment":[{"href":"https:\/\/pps.ma\/fr\/wp-json\/wp\/v2\/media?parent=7698"}],"wp:term":[{"taxonomy":"category","embeddable":true,"href":"https:\/\/pps.ma\/fr\/wp-json\/wp\/v2\/categories?post=7698"},{"taxonomy":"post_tag","embeddable":true,"href":"https:\/\/pps.ma\/fr\/wp-json\/wp\/v2\/tags?post=7698"}],"curies":[{"name":"wp","href":"https:\/\/api.w.org\/{rel}","templated":true}]}}