{"id":7701,"date":"2019-01-17T12:24:43","date_gmt":"2019-01-17T12:24:43","guid":{"rendered":"http:\/\/ppsmaroc.com\/fr\/?p=7701"},"modified":"2019-01-17T12:24:43","modified_gmt":"2019-01-17T12:24:43","slug":"le-partage","status":"publish","type":"post","link":"https:\/\/pps.ma\/fr\/7701\/","title":{"rendered":"Le partage"},"content":{"rendered":"<p><img loading=\"lazy\" decoding=\"async\" class=\"aligncenter size-full wp-image-7666\" src=\"http:\/\/ppsmaroc.com\/fr\/wp-content\/uploads\/2018\/11\/Seddiki-Abdeslam.jpg\" alt=\"\" width=\"508\" height=\"312\" srcset=\"https:\/\/pps.ma\/fr\/wp-content\/uploads\/2018\/11\/Seddiki-Abdeslam.jpg 508w, https:\/\/pps.ma\/fr\/wp-content\/uploads\/2018\/11\/Seddiki-Abdeslam-300x184.jpg 300w\" sizes=\"auto, (max-width: 508px) 100vw, 508px\" \/><\/p>\n<p><span style=\"font-weight: 400; color: #3366ff;\">Par\u00a0 Abdeslam Seddiki<\/span><\/p>\n<p><span style=\"font-weight: 400;\">La question des in\u00e9galit\u00e9s retient de plus en plus l\u2019attention des gouvernements, des instituts de recherche et des milieux divers y compris la soci\u00e9t\u00e9 civile. C\u2019est dans ce sens qu\u2019un programme de recherche collaboratif sur cette question a vu le jour au d\u00e9but des ann\u00e9es 2000 et qui r\u00e9unit aujourd\u2019hui plus d\u2019une centaine de chercheurs couvrant plus de 70 pays sur tous les continents. Ce collectif vient de publier un volumineux rapport sur les in\u00e9galit\u00e9s mondiales (2018) s\u2019int\u00e9ressant plus particuli\u00e8rement \u00e0 un groupe de pays d\u00e9velopp\u00e9s et \u00e9mergents mais dont la m\u00e9thodologie et \u00a0les conclusions peuvent s\u2019appliquer \u00e0 d\u2019autres pays.<\/span><\/p>\n<p><span style=\"font-weight: 400;\">On se rend compte que la croissance quand elle se produit, ne profite pas de la m\u00eame mani\u00e8re \u00e0 tout le monde. Un chiffre donne le vertige\u00a0: les 1% des individus recevant les plus hauts revenus dans le monde ont profit\u00e9 deux fois plus de cette croissance que les 50% des individus les plus pauvres\u00a0! Un d\u00e9menti cinglant \u00e0 la th\u00e9orie dite de \u00ab\u00a0ruissellement\u00a0\u00bb. Fait inqui\u00e9tant, cette concentration de la richesse entre une poign\u00e9e d\u2019individus qui font \u00e0 eux seuls la pluie et le beau temps s\u2019est accompagn\u00e9e par un appauvrissement cons\u00e9quent des Etats puisque la richesse publique est soit n\u00e9gative ou proche de z\u00e9ro. Cette situation est due \u00e0 un transfert du patrimoine public vers le priv\u00e9 par le biais notamment des privatisations. Ce qui limite la capacit\u00e9 de ces Etats \u00e0 combattre les in\u00e9galit\u00e9s puisqu\u2019ils sont pris en otage par l\u2019imp\u00e9ratif des \u00e9quilibres macro-\u00e9conomiques et la limitation de ressources. Ainsi, pour l\u2019ensemble des pays \u00e9tudi\u00e9s, les in\u00e9galit\u00e9s \u00e9conomiques se sont aggrav\u00e9es et dans le meilleur des cas elles ont stagn\u00e9.<\/span><\/p>\n<p><span style=\"font-weight: 400;\">Au del\u00e0 de ce diagnostic, l\u2019int\u00e9r\u00eat du rapport r\u00e9side dans les solutions qu\u2019il pr\u00e9conise pour combattre les in\u00e9galit\u00e9s. Les mesures propos\u00e9es portent sur la politique fiscale, les politiques \u00e9ducatives, la gouvernance des entreprises et les politiques salariales, outre la transparence des donn\u00e9es et la cr\u00e9ation d\u2019un registre mondial des titres financiers \u00a0pour lutter contre l\u2019\u00e9vasion fiscale et le blanchiment d\u2019argent. Il va sans dire que de telles mesures rev\u00eatent une importance capitale, mais elles peuvent rester au niveau des v\u0153ux pieux tant qu\u2019on n\u2019a pas d\u00e9fini les politiques \u00e0 mettre en \u0153uvre pour y parvenir. Sur ce chapitre, le rapport reste muet \u00e0 l\u2019exception d\u2019\u2019une d\u00e9claration annonc\u00e9e par ses r\u00e9dacteurs\u00a0: \u00ab\u00a0avec ce rapport, le laboratoire sur les in\u00e9galit\u00e9s mondiales vise \u00e0 combler un d\u00e9ficit d\u00e9mocratique et \u00e0 fournir aux diff\u00e9rents acteurs de la soci\u00e9t\u00e9 les donn\u00e9es n\u00e9cessaires pour participer \u00e0 des d\u00e9bats publics ancr\u00e9s dans les faits\u00a0\u00bb.<\/span><\/p>\n<p><span style=\"font-weight: 400;\">Les politiques de lutte contre les in\u00e9galit\u00e9s ne tombent pas du ciel. Elles n\u00e9cessitent des luttes sociales et des compromis positifs entre les principaux acteurs. Il faut \u00eatre na\u00eff pour croire que ceux qui ont acquis des privil\u00e8ges vont d\u2019eux-m\u00eames y renoncer en pensant aux plus d\u00e9munis et aux plus pauvres, que ceux qui en ont trop se tournent vers ceux qui sont dans le besoin. On peut trouver quelques personnes ici et l\u00e0 rompues \u00e0 \u00a0cet esprit philanthropique. Mais une hirondelle ne fait jamais \u00e0 elle seule le printemps. Car nous sommes dans des syst\u00e8mes (de production et d\u2019\u00e9change) qui g\u00e9n\u00e8rent constamment des in\u00e9galit\u00e9s. Et c\u2019est l\u00e0 o\u00f9 r\u00e9side le mal. Par cons\u00e9quent, toute politique de lutte contre les in\u00e9galit\u00e9s doit s\u2019attaquer aux racines de ce ph\u00e9nom\u00e8ne.<\/span><\/p>\n<p><span style=\"font-weight: 400;\">A contrario, il faut \u00eatre r\u00eaveur et d\u00e9connect\u00e9 de la r\u00e9alit\u00e9 pour penser \u00e0 une \u00e9galit\u00e9 parfaite entre individus du moins sur le plan \u00e9conomique. Mais on peut facilement imaginer un niveau optimum d\u2019in\u00e9galit\u00e9s. C\u2019est \u00e0 ce niveau que des luttes sont men\u00e9es un peu partout \u00e0 travers le monde. Elles ont comme d\u00e9nominateur commun la d\u00e9fense du pouvoir d\u2019achat, \u00a0\u00a0le respect de la dignit\u00e9 humaine, la valorisation du travail de telle sorte que celui qui travaille plus gagne plus et l\u2019\u00e9galit\u00e9 des chances en am\u00e9liorant les \u00ab\u00a0capabilit\u00e9s\u00a0\u00bb des gens\u2026.<\/span><\/p>\n<p><span style=\"font-weight: 400;\">En somme, il faut changer le r\u00e9f\u00e9rentiel et le mod\u00e8le de soci\u00e9t\u00e9 en vigueur. Nous avons besoin d\u2019un mod\u00e8le de soci\u00e9t\u00e9 respectueux de l\u2019\u00eatre humain et de son environnement, un mod\u00e8le de soci\u00e9t\u00e9 bas\u00e9 sur le partage des bienfaits et des sacrifices, \u00a0o\u00f9 le collectif l\u2019emporte sur l\u2019individuel. Ni trop d\u2019injustices, ni parfaite justice. Juste une vie paisible et une soci\u00e9t\u00e9 harmonieuse dans laquelle il fait beau de vivre.<\/span><\/p>\n<p><span style=\"font-weight: 400; color: #3366ff;\">Al Bayane du mercredi 16 janvier 2019<\/span><\/p>\n","protected":false},"excerpt":{"rendered":"<p>Par\u00a0 Abdeslam Seddiki La question des in\u00e9galit\u00e9s retient de plus en plus l\u2019attention des gouvernements, des instituts de recherche et des milieux divers y compris la soci\u00e9t\u00e9 civile. C\u2019est dans ce sens qu\u2019un programme de recherche collaboratif sur cette question a vu le jour au d\u00e9but des ann\u00e9es 2000 et qui r\u00e9unit aujourd\u2019hui plus d\u2019une [&hellip;]<\/p>\n","protected":false},"author":1,"featured_media":7666,"comment_status":"open","ping_status":"open","sticky":false,"template":"","format":"standard","meta":{"footnotes":""},"categories":[18],"tags":[],"class_list":["post-7701","post","type-post","status-publish","format-standard","has-post-thumbnail","hentry","category-point-de-vue"],"_links":{"self":[{"href":"https:\/\/pps.ma\/fr\/wp-json\/wp\/v2\/posts\/7701","targetHints":{"allow":["GET"]}}],"collection":[{"href":"https:\/\/pps.ma\/fr\/wp-json\/wp\/v2\/posts"}],"about":[{"href":"https:\/\/pps.ma\/fr\/wp-json\/wp\/v2\/types\/post"}],"author":[{"embeddable":true,"href":"https:\/\/pps.ma\/fr\/wp-json\/wp\/v2\/users\/1"}],"replies":[{"embeddable":true,"href":"https:\/\/pps.ma\/fr\/wp-json\/wp\/v2\/comments?post=7701"}],"version-history":[{"count":1,"href":"https:\/\/pps.ma\/fr\/wp-json\/wp\/v2\/posts\/7701\/revisions"}],"predecessor-version":[{"id":7702,"href":"https:\/\/pps.ma\/fr\/wp-json\/wp\/v2\/posts\/7701\/revisions\/7702"}],"wp:featuredmedia":[{"embeddable":true,"href":"https:\/\/pps.ma\/fr\/wp-json\/wp\/v2\/media\/7666"}],"wp:attachment":[{"href":"https:\/\/pps.ma\/fr\/wp-json\/wp\/v2\/media?parent=7701"}],"wp:term":[{"taxonomy":"category","embeddable":true,"href":"https:\/\/pps.ma\/fr\/wp-json\/wp\/v2\/categories?post=7701"},{"taxonomy":"post_tag","embeddable":true,"href":"https:\/\/pps.ma\/fr\/wp-json\/wp\/v2\/tags?post=7701"}],"curies":[{"name":"wp","href":"https:\/\/api.w.org\/{rel}","templated":true}]}}