{"id":7711,"date":"2019-02-01T12:00:40","date_gmt":"2019-02-01T12:00:40","guid":{"rendered":"http:\/\/ppsmaroc.com\/fr\/?p=7711"},"modified":"2019-02-01T12:00:40","modified_gmt":"2019-02-01T12:00:40","slug":"linitiative","status":"publish","type":"post","link":"https:\/\/pps.ma\/fr\/7711\/","title":{"rendered":"L\u2019initiative"},"content":{"rendered":"<p><img loading=\"lazy\" decoding=\"async\" class=\"aligncenter size-full wp-image-7666\" src=\"http:\/\/ppsmaroc.com\/fr\/wp-content\/uploads\/2018\/11\/Seddiki-Abdeslam.jpg\" alt=\"\" width=\"508\" height=\"312\" srcset=\"https:\/\/pps.ma\/fr\/wp-content\/uploads\/2018\/11\/Seddiki-Abdeslam.jpg 508w, https:\/\/pps.ma\/fr\/wp-content\/uploads\/2018\/11\/Seddiki-Abdeslam-300x184.jpg 300w\" sizes=\"auto, (max-width: 508px) 100vw, 508px\" \/><\/p>\n<p><span style=\"color: #3366ff;\">Par\u00a0 Abdeslam Seddiki<\/span><\/p>\n<p><span style=\"font-weight: 400;\">Face \u00e0 la crise (aux crises) qui nous rattrape(nt) de partout, il faut des alternatives pour ne pas sombrer dans la fatalit\u00e9 et tomber dans le d\u00e9sespoir. Les \u00eatres humains sont dot\u00e9s de suffisamment d\u2019intelligence et de cr\u00e9ativit\u00e9 pour ne pas subir passivement les crises multidimensionnelles auxquelles ils font face. \u00a0A longueur de journ\u00e9e, on entend parler de crises. Un terme qui se conjugue avec toutes les situations. A tel point que l\u2019on se demande si l\u2019humanit\u00e9 est condamn\u00e9e \u00e0 vivre avec. Citons p\u00e8le m\u00eale\u00a0: crise d\u2019emploi, crise \u00e9conomique, crise financi\u00e8re, crise des valeurs, crise identitaire, crise culturelle, crise de l\u2019\u00e9ducation, crise de la famille, crise \u00e9cologique, crise mondiale, crise agricole, crise de l\u2019enseignement, crise de la sant\u00e9, crise du logement, crise \u00e9nerg\u00e9tique\u2026Ces crises peuvent \u00eatre conjoncturelles li\u00e9es \u00e0 un \u00e9v\u00e9nement particulier ou structurelles li\u00e9es au syst\u00e8me \u00a0dominant. <\/span><\/p>\n<p><span style=\"font-weight: 400;\">Les crises conjoncturelles sont relativement faciles \u00e0 r\u00e9soudre. Elles ne n\u00e9cessitent pas des remises en cause fondamentales. Il suffit d\u2019agir sur les causes \u00a0qui les ont engendr\u00e9es ou \u00e0 la limite de laisser le temps au temps pour s\u2019en occuper. Par contre, les crises structurelles n\u00e9cessitent une action en profondeur et une remise en cause du syst\u00e8me qui les g\u00e9n\u00e8re. Par exemple, la crise de surproduction qui caract\u00e9rise le syst\u00e8me capitaliste ne peut \u00eatre d\u00e9pass\u00e9e que par le d\u00e9passement de ce syst\u00e8me et de sa logique productiviste qui consiste \u00e0 produire toujours plus. Car tout ce qui est produit n\u2019est pas n\u00e9cessairement utile \u00e0 la vie des \u00a0esp\u00e8ces humaines, animales et v\u00e9g\u00e9tales. La surproduction se manifeste n\u00e9cessairement par une surexploitation des ressources naturelles et un \u00e9puisement de ces derni\u00e8res d\u2019une part, et par un exc\u00e8s d\u2019\u00e9mission du gaz \u00e0 effet de serre d\u2019autre part. <\/span><\/p>\n<p><span style=\"font-weight: 400;\">Ce qui nous ram\u00e8ne \u00e0 dire que la crise n\u2019est pas v\u00e9cue de la m\u00eame mani\u00e8re par tout le monde. \u00a0Pour certains, elle est v\u00e9cue comme une opportunit\u00e9 \u00e0 saisir alors que pour d\u2019autres, et c\u2019est la majorit\u00e9, elle est v\u00e9cue comme un enfer et avec \u00a0\u00a0des souffrances aigues. C\u2019est \u00e0 ces derniers qu\u2019on doit penser en premier lieu. L\u2019histoire retient toujours les noms des dirigeants audacieux qui r\u00e9alisent de grands projets en vue justement d\u2019all\u00e9ger les souffrances de leur peuple. D\u2019ailleurs, les peuples ne se mobilisent pas par des slogans creux et sans contenu. \u00a0La parole est utile certes, mais ce sont les actions concr\u00e8tes qui sont le plus attendues. Comme par exemple d\u00e9clarer la guerre \u00e0 la destruction de la nature, \u00e0 la paup\u00e9risation de la population, \u00e0 l\u2019enrichissement illicite et sans vergogne, aux injustices de toutes sortes.<\/span><\/p>\n<p><span style=\"font-weight: 400;\">Comme \u00e0 \u00a0chaque chose malheur est bon, \u00a0les crises sont des moments propices pour accoucher \u00a0du changement. C\u2019est suite aux crises syst\u00e9miques que le monde a chang\u00e9 progressivement. \u00a0La souffrance peut \u00eatre cr\u00e9ative pour paraphraser Schumpeter. Mais encore faut-il qu\u2019il y ait des projets rassembleurs autour desquels se mobilisent les gens afin de \u00ab\u00a0tailler dans la montagne du d\u00e9sespoir une pierre d\u2019esp\u00e9rance\u00a0\u00bb ( Martin Luther King).<\/span><\/p>\n<p><span style=\"font-weight: 400;\">Ne d\u00e9sesp\u00e9rons surtout pas. Prenons des initiatives individuellement et collectivement qui vont dans le sens du progr\u00e8s social, de notre \u00e9panouissement en tant qu\u2019\u00eatres humains. Chacun de nous dispose d\u2019une marge, \u00a0aussi \u00e9troite soit-elle, pour agir. Par exemple, face \u00e0 la crise de notre syst\u00e8me \u00e9ducatif, l\u2019Etat ne peut \u00eatre rendu seul responsable. La soci\u00e9t\u00e9 est dans son ensemble concern\u00e9e. Nous avons produit dans le pass\u00e9 de beaux textes comme la Charte Nationale de l\u2019\u00e9ducation et de la formation. Nous disposons aujourd\u2019hui d\u2019une vision 2015-2030 \u00e9labor\u00e9e par le CSEFRS, laquelle vision est d\u00e9clin\u00e9e dans une loi-cadre en cours d\u2018examen au parlement. Mais ce n\u2019est pas suffisant. Il faut des hommes et des femmes qui traduisent ces projets en actes et initiatives sur le terrain. Comme \u00a0l\u2019a fait justement cette enseignante dans un \u00e9tablissement de Kenitra qui a \u00e9t\u00e9 cit\u00e9e dans un rapport de la Banque Mondiale sur l\u2019enseignement dans le monde publi\u00e9 tout r\u00e9cemment. Voici ce qui a \u00e9t\u00e9 \u00e9crit \u00e0 son sujet\u00a0:\u00a0\u00ab\u00a0 \u2026Dans la salle de classe aux couleurs vives dont elle a elle-m\u00eame peint les murs, cette enseignante utilise YouTube pour cr\u00e9er des outils p\u00e9dagogiques gr\u00e2ce auxquels tous ses \u00e9l\u00e8ves apprennent et participent en s\u2019amusant. Ici, chaque lettre de l\u2019alphabet est associ\u00e9e au bruit d\u2019un animal et \u00e0 un mouvement. Quand elle prononce un mot, elle l\u2019\u00e9pelle \u00e0 voix haute avec les sons et les gestes associ\u00e9s pour que les \u00e9l\u00e8ves l\u2019\u00e9crivent. Elle peut ainsi facilement rep\u00e9rer les enfants en difficult\u00e9 et adapter le rythme de la le\u00e7on pour leur permettre de rattraper les autres. Tous ses \u00e9l\u00e8ves sont attentifs et participent \u00e0 la classe, sans craindre de se tromper. La volont\u00e9 de cette enseignante est de veiller \u00e0 ce que TOUS les enfants apprennent\u00a0\u00bb. Saluons comme il se doit l\u2019initiative et la cr\u00e9ativit\u00e9 de cette enseignante d\u00e9vou\u00e9e \u00e0 son m\u00e9tier.<\/span><\/p>\n<p><span style=\"font-weight: 400; color: #3366ff;\">Publi\u00e9 dans Al Bayane mercredi 30 janvier 2019<\/span><\/p>\n<p>&nbsp;<\/p>\n","protected":false},"excerpt":{"rendered":"<p>Par\u00a0 Abdeslam Seddiki Face \u00e0 la crise (aux crises) qui nous rattrape(nt) de partout, il faut des alternatives pour ne pas sombrer dans la fatalit\u00e9 et tomber dans le d\u00e9sespoir. Les \u00eatres humains sont dot\u00e9s de suffisamment d\u2019intelligence et de cr\u00e9ativit\u00e9 pour ne pas subir passivement les crises multidimensionnelles auxquelles ils font face. \u00a0A longueur [&hellip;]<\/p>\n","protected":false},"author":1,"featured_media":7666,"comment_status":"open","ping_status":"open","sticky":false,"template":"","format":"standard","meta":{"footnotes":""},"categories":[18],"tags":[],"class_list":["post-7711","post","type-post","status-publish","format-standard","has-post-thumbnail","hentry","category-point-de-vue"],"_links":{"self":[{"href":"https:\/\/pps.ma\/fr\/wp-json\/wp\/v2\/posts\/7711","targetHints":{"allow":["GET"]}}],"collection":[{"href":"https:\/\/pps.ma\/fr\/wp-json\/wp\/v2\/posts"}],"about":[{"href":"https:\/\/pps.ma\/fr\/wp-json\/wp\/v2\/types\/post"}],"author":[{"embeddable":true,"href":"https:\/\/pps.ma\/fr\/wp-json\/wp\/v2\/users\/1"}],"replies":[{"embeddable":true,"href":"https:\/\/pps.ma\/fr\/wp-json\/wp\/v2\/comments?post=7711"}],"version-history":[{"count":1,"href":"https:\/\/pps.ma\/fr\/wp-json\/wp\/v2\/posts\/7711\/revisions"}],"predecessor-version":[{"id":7712,"href":"https:\/\/pps.ma\/fr\/wp-json\/wp\/v2\/posts\/7711\/revisions\/7712"}],"wp:featuredmedia":[{"embeddable":true,"href":"https:\/\/pps.ma\/fr\/wp-json\/wp\/v2\/media\/7666"}],"wp:attachment":[{"href":"https:\/\/pps.ma\/fr\/wp-json\/wp\/v2\/media?parent=7711"}],"wp:term":[{"taxonomy":"category","embeddable":true,"href":"https:\/\/pps.ma\/fr\/wp-json\/wp\/v2\/categories?post=7711"},{"taxonomy":"post_tag","embeddable":true,"href":"https:\/\/pps.ma\/fr\/wp-json\/wp\/v2\/tags?post=7711"}],"curies":[{"name":"wp","href":"https:\/\/api.w.org\/{rel}","templated":true}]}}