{"id":7766,"date":"2019-03-22T11:27:26","date_gmt":"2019-03-22T11:27:26","guid":{"rendered":"http:\/\/ppsmaroc.com\/fr\/?p=7766"},"modified":"2019-03-22T11:29:53","modified_gmt":"2019-03-22T11:29:53","slug":"prescolaire","status":"publish","type":"post","link":"https:\/\/pps.ma\/fr\/7766\/","title":{"rendered":"PRESCOLAIRE"},"content":{"rendered":"\n<div class=\"wp-block-image\"><figure class=\"alignright is-resized\"><img loading=\"lazy\" decoding=\"async\" src=\"http:\/\/ppsmaroc.com\/fr\/wp-content\/uploads\/2014\/05\/Mustapha-Labraimi-2.jpg\" alt=\"\" class=\"wp-image-5897\" width=\"208\" height=\"254\" srcset=\"https:\/\/pps.ma\/fr\/wp-content\/uploads\/2014\/05\/Mustapha-Labraimi-2.jpg 264w, https:\/\/pps.ma\/fr\/wp-content\/uploads\/2014\/05\/Mustapha-Labraimi-2-245x300.jpg 245w\" sizes=\"auto, (max-width: 208px) 100vw, 208px\" \/><\/figure><\/div>\n\n\n\n<p class=\"has-text-color has-vivid-cyan-blue-color\"><strong>Par Mustapha LABRAIMI<\/strong><\/p>\n\n\n\n<p>Il fut un temps o\u00f9 le premier examen auquel \u00e9tait soumis un enfant \u00e9tait le certificat d\u2019\u00e9tudes primaires. Cela date ; car, au jour d\u2019aujourd\u2019hui, la prog\u00e9niture est soumise \u00e0 un test pour qu\u2019elle soit accept\u00e9e dans telle \u00e9cole maternelle ou telle autre. D\u00e9s deux ans, la pr\u00e9paration commence, allant crescendo avec le temps et n\u00e9cessitant un investissement de plus en plus important. On pourra r\u00e9torquer qu\u2019il s\u2019agit l\u00e0 d\u2019enfants de bourges qui sont privil\u00e9gi\u00e9s par rapport au grand nombre de mioches que compte le royaume. <br>\nCe n\u2019est pas une raison pour laisser ces \u00ab kiliminis \u00bb \u00e1 la merci des diff\u00e9rents investisseurs dans le domaine de l\u2019enseignement priv\u00e9. C\u2019est mauvais pour les \u00ab kiliminis \u00bb eux-m\u00eames qui sentent la pesanteur du fardeau et constatent avec amertume qu\u2019ils ont le couteau sur la gorge pour assurer aux petit(e)s ch\u00e9ri(e)s une place leur assurant une motricit\u00e9, un \u00e9veil et une personnalit\u00e9 en devenir dignes du 21\u00e8me si\u00e8cle. Il semble que le cerveau humain se rel\u00e2che \u00e0 partir de l\u2019adolescence d\u2019o\u00f9 la grande importance de cet enseignement pr\u00e9coce pour le d\u00e9veloppement des \u00e9l\u00e9ments de la soci\u00e9t\u00e9 future. Le secteur public \u00e9tant dans l\u2019indigence, voire dans l\u2019absence de toute offre, pour le pr\u00e9scolaire, il ne reste qu\u2019\u00e0 subir le parcours du combattant pour trouver une place \u00e0 ses rejetons. <br>\nApr\u00e8s la garderie, la maternelle n\u2019est pas une mince affaire. Les curricula n\u2019\u00e9tant pas homog\u00e8nes alors que l\u2019encadrement d\u00e9pend du renom de l\u2019\u00e9cole ; c\u2019est de portes ouvertes \u00e0 portes ouvertes et de bouche \u00e0 oreilles que les parents se fassent une id\u00e9e sur les \u00e9tablissements du pr\u00e9scolaire. Inscriptions au pr\u00e9alable, tests et attente des r\u00e9sultats pour abouler imm\u00e9diatement des frais afin de pr\u00e9server la place. Certains \u00e9tablissements obligent les parents \u00e0 se fixer sur eux ; faute de quoi, l\u2019enfant ne pourra jamais \u00eatre repris en leur sein apr\u00e8s. La maternelle n\u2019est pas une mince affaire ! Elle pr\u00e9pare le primaire qui lui aboutit au secondaire. C\u2019est un package que personne ne veut rater ! L\u2019int\u00e9gration de ces trois niveaux se fait de plus en plus par les investisseurs. Cela fid\u00e9lise ; et, p\u00e9cuniairement \u00e7a rapporte d\u2019autant plus que la contribution fiscale se discute.  <br>\nIl faut dire que pour les parents, les frais pour l\u2019occasion ne sont pas l\u00e9gers. Pour les enfants, la discrimination se creuse d\u2019ores et d\u00e9j\u00e0 et il faudrait attendre le service militaire nouvellement r\u00e9tabli pour assurer probablement la mixit\u00e9 sociale n\u00e9cessaire. <br>\nC\u2019est vrai que \u00ab notre avenir n\u2019attend pas \u00bb. Il peut m\u00eame reculer quand il ne titube pas ou ramper au ras des p\u00e2querettes du plancher des vaches. L\u2019am\u00e8re r\u00e9alit\u00e9 est inflexible, il faut disposer de quelques dizaines de milliers de dirhams pour assurer l\u2019inscription de son enfant dans une \u00e9cole qui tient le coup. Et d\u2019autres dizaines de milliers de dirhams pour assurer les frais scolaires de l\u2019ann\u00e9e \u2026 Tout cela n\u2019\u00e9tant pas d\u00e9ductible de l\u2019assiette fiscale que repr\u00e9sente le (la) kilimini. Privil\u00e9gi\u00e9s qu\u2019ils sont ! Pour le reste de la population, la r\u00e9forme est en cours. Sa vision strat\u00e9gique est en cours \u2026 C\u2019est une question de temps ! Patience.<br>\nN\u00e9s de parents instruits, ils sont aussi instruits, productifs et consommateurs de biens et de services. Ils n\u2019ont connu ni la marche verte, ni le plan d\u2019ajustement structurel ni les ann\u00e9es de plomb et encore moins le manifeste du 11 janvier ou le dahir berb\u00e8re. A quelques ann\u00e9es pr\u00e8s, ils constituent les femmes et les hommes berc\u00e9s par la consolidation du processus d\u00e9mocratique initi\u00e9e par l\u2019alternance consensuelle. Ambitieux pour eux-m\u00eames dans l\u2019attente de l\u2019\u00eatre pour leur pays, d\u2019origine ou d\u2019adoption. Cerveaux en fuite alors que le corps est envahi de mille et un projets, ils constituent l\u2019assise de l\u2019abstention envers un syst\u00e8me dont ils ne comprennent pas tous les tenants et les aboutissants. Pour l\u2019instant ils s\u2019interrogent sur eux et sur l\u2019aboutissement du pr\u00e9scolaire de leurs enfants. C\u2019est l\u2019av\u00e8nement du printemps qui pr\u00e9pare les moissons de l\u2019\u00e9t\u00e9 \u2026 Des interrogations conjoncturelles qui n\u00e9cessitent des r\u00e9ponses structurelles.<\/p>\n","protected":false},"excerpt":{"rendered":"<p>Par Mustapha LABRAIMI Il fut un temps o\u00f9 le premier examen auquel \u00e9tait soumis un enfant \u00e9tait le certificat d\u2019\u00e9tudes primaires. Cela date ; car, au jour d\u2019aujourd\u2019hui, la prog\u00e9niture est soumise \u00e0 un test pour qu\u2019elle soit accept\u00e9e dans telle \u00e9cole maternelle ou telle autre. D\u00e9s deux ans, la pr\u00e9paration commence, allant crescendo avec [&hellip;]<\/p>\n","protected":false},"author":1,"featured_media":5897,"comment_status":"open","ping_status":"open","sticky":false,"template":"","format":"standard","meta":{"footnotes":""},"categories":[18],"tags":[],"class_list":["post-7766","post","type-post","status-publish","format-standard","has-post-thumbnail","hentry","category-point-de-vue"],"_links":{"self":[{"href":"https:\/\/pps.ma\/fr\/wp-json\/wp\/v2\/posts\/7766","targetHints":{"allow":["GET"]}}],"collection":[{"href":"https:\/\/pps.ma\/fr\/wp-json\/wp\/v2\/posts"}],"about":[{"href":"https:\/\/pps.ma\/fr\/wp-json\/wp\/v2\/types\/post"}],"author":[{"embeddable":true,"href":"https:\/\/pps.ma\/fr\/wp-json\/wp\/v2\/users\/1"}],"replies":[{"embeddable":true,"href":"https:\/\/pps.ma\/fr\/wp-json\/wp\/v2\/comments?post=7766"}],"version-history":[{"count":1,"href":"https:\/\/pps.ma\/fr\/wp-json\/wp\/v2\/posts\/7766\/revisions"}],"predecessor-version":[{"id":7767,"href":"https:\/\/pps.ma\/fr\/wp-json\/wp\/v2\/posts\/7766\/revisions\/7767"}],"wp:featuredmedia":[{"embeddable":true,"href":"https:\/\/pps.ma\/fr\/wp-json\/wp\/v2\/media\/5897"}],"wp:attachment":[{"href":"https:\/\/pps.ma\/fr\/wp-json\/wp\/v2\/media?parent=7766"}],"wp:term":[{"taxonomy":"category","embeddable":true,"href":"https:\/\/pps.ma\/fr\/wp-json\/wp\/v2\/categories?post=7766"},{"taxonomy":"post_tag","embeddable":true,"href":"https:\/\/pps.ma\/fr\/wp-json\/wp\/v2\/tags?post=7766"}],"curies":[{"name":"wp","href":"https:\/\/api.w.org\/{rel}","templated":true}]}}