{"id":7768,"date":"2019-03-28T17:08:19","date_gmt":"2019-03-28T17:08:19","guid":{"rendered":"http:\/\/ppsmaroc.com\/fr\/?p=7768"},"modified":"2019-03-29T18:02:30","modified_gmt":"2019-03-29T18:02:30","slug":"lanticipation","status":"publish","type":"post","link":"https:\/\/pps.ma\/fr\/7768\/","title":{"rendered":"L\u2019anticipation"},"content":{"rendered":"\n<p class=\"has-text-color has-vivid-cyan-blue-color\">Par&nbsp; Abdeslam Seddiki<\/p>\n\n\n\n<figure class=\"wp-block-image\"><img loading=\"lazy\" decoding=\"async\" width=\"669\" height=\"447\" src=\"http:\/\/ppsmaroc.com\/fr\/wp-content\/uploads\/2017\/11\/Abdeslam-Seddiki.png\" alt=\"\" class=\"wp-image-7337\" srcset=\"https:\/\/pps.ma\/fr\/wp-content\/uploads\/2017\/11\/Abdeslam-Seddiki.png 669w, https:\/\/pps.ma\/fr\/wp-content\/uploads\/2017\/11\/Abdeslam-Seddiki-300x200.png 300w, https:\/\/pps.ma\/fr\/wp-content\/uploads\/2017\/11\/Abdeslam-Seddiki-90x60.png 90w, https:\/\/pps.ma\/fr\/wp-content\/uploads\/2017\/11\/Abdeslam-Seddiki-180x120.png 180w, https:\/\/pps.ma\/fr\/wp-content\/uploads\/2017\/11\/Abdeslam-Seddiki-95x64.png 95w\" sizes=\"auto, (max-width: 669px) 100vw, 669px\" \/><\/figure>\n\n\n\n<p>\u00ab&nbsp;Gouverner, c\u2019est pr\u00e9voir&nbsp;\u00bb dit l\u2019adage, m\u00eame si\nau Maroc pour reprendre une formule&nbsp;\nch\u00e8re \u00e0 Lyautey \u00ab&nbsp;gouverner c\u2019est&nbsp;\npleuvoir&nbsp;\u00bb.&nbsp; Il est bon de\nrappeler cette \u00e9vidence en ces temps de turbulences sociales et de gr\u00e8ves qui\ntouchent diff\u00e9rents secteurs&nbsp; dont en\nparticulier celui des enseignants dits \u00ab&nbsp;contractuels&nbsp;\u00bb ou pour\nemprunter l\u2019expression utilis\u00e9e par les int\u00e9ress\u00e9s et les milieux syndicaux\n\u00ab&nbsp;soumis \u00e0 la contractualisation&nbsp;\u00bb.&nbsp;\nCe qui se passe&nbsp; se passe pr\u00e9sentement\nest loin d\u2019\u00eatre un fait anodin ou un simple incident de parcours.&nbsp; C\u2019est une r\u00e9action qu\u2019on attendait \u00e0 une\ncertaine mani\u00e8re pour le moins qu\u2019on puisse dire, maladroite et improvis\u00e9e, de\ng\u00e9rer les grands&nbsp; dossiers et les\nquestions d\u00e9licates comme celle dont il est question aujourd\u2019hui.<\/p>\n\n\n\n<p>Un gouvernement&nbsp; ne\ndoit pas fonctionner en \u00ab&nbsp;sapeur-pompier&nbsp;\u00bb. Il est l\u00e0 pour g\u00e9rer le\npays dans la dur\u00e9e et partant, anticiper&nbsp;\ntous les probl\u00e8mes qui risqueraient de se poser \u00e0 moyen et long\ntermes&nbsp; pour leur trouver des solutions \u00e0\nl\u2019avance.&nbsp; Pour ne parler que de la\nquestion de l\u2019\u00e9duction et du recours \u00e0 cette formule maudite de\n\u00ab&nbsp;contractualisation&nbsp;\u00bb que le gouvernement a finalement abandonn\u00e9e \u00e0\nson corps d\u00e9fendant, elle n\u2019aurait pas d\u00fb se poser si elle avait \u00e9t\u00e9 g\u00e9r\u00e9e\nautrement.&nbsp; Les besoins en\nenseignants&nbsp; \u00e9taient connus de tous et\nsont facilement calculables \u00e0 partir des&nbsp;\ndonn\u00e9es d\u00e9mographiques,&nbsp; de la\npyramide des \u00e2ges et des d\u00e9parts \u00e0 la retraite.&nbsp;\nAu lieu de proc\u00e9der au recrutement r\u00e9gulier des enseignants en leur\ndispensant la formation requise, condition sine qua non d\u2019un enseignement de\nqualit\u00e9,&nbsp; on a fait au contraire la\npolitique de l\u2019autruche pour ne pas aggraver le poids de la masse\nsalariale&nbsp;! <\/p>\n\n\n\n<p>Cette n\u00e9gligence et ce laisser aller, on les paie aujourd\u2019hui\ncash&nbsp;! On a eu recours dans la foul\u00e9e au recrutement de milliers de\ncontractuels&nbsp; dont le nombre a culmin\u00e9 \u00e0\n70000, soit le quart du nombre total des enseignants&nbsp;: sans pr\u00e9paration,\nsans formation, sans encadrement.&nbsp; Qu\u2019on\nne vienne pas d\u00e9plorer la baisse de la qualit\u00e9 de l\u2019enseignement et la\nd\u00e9saffection de l\u2019\u00e9cole publique&nbsp;! Qui plus est, la contractualisation,\npr\u00e9vue au d\u00e9part comme simple moyen d\u2019appoint pour parer \u00e0 certains besoins\nlimit\u00e9s dans le temps et dans l\u2019espace, s\u2019est m\u00e9tamorphos\u00e9e, par un ph\u00e9nom\u00e8ne\nde g\u00e9n\u00e9ration spontan\u00e9e, en un moyen privil\u00e9gi\u00e9 de recrutement de masse.&nbsp; Ce qui a d\u00e9natur\u00e9 la politique de\ncontractualisation et l\u2019a vid\u00e9 de son sens. Fort heureusement,&nbsp; le gouvernement a&nbsp;&nbsp; rectifi\u00e9 le tir en y apportant des\nmodifications substantielles y compris sur le statut de contractuel pour lui\nsubstituer celui d\u2019employ\u00e9. Mais une fois que le mal est d\u00e9j\u00e0 fait. <\/p>\n\n\n\n<p>Emettons le v\u0153u de voir &nbsp;cet \u00e9pisode des enseignants contractuels &nbsp;d\u00e9finitivement r\u00e9gl\u00e9 dans l\u2019int\u00e9r\u00eat bien compris du pays et des parties concern\u00e9es&nbsp;: enseignants, \u00e9l\u00e8ves et leurs familles. Puisse-t-il&nbsp; servir de le\u00e7on pour ne plus donner l\u2019occasion \u00e0 l\u2019avenir \u00e0 ceux qui passent pour des professionnels de p\u00eache en eaux&nbsp; troubles. Le m\u00eame espoir est valable pour l\u2019aboutissement du dialogue social qui s\u2019enlise depuis des ann\u00e9es pour des raisons incompr\u00e9hensibles. Cette situation de crispation, on ne le dira jamais assez, n\u2019est dans l\u2019int\u00e9r\u00eat de personne. Il faut absolument y mettre fin pour ouvrir des horizons au pays et lui permettre de mieux respirer.&nbsp; C\u2019est de la responsabilit\u00e9 en premier lieu du gouvernement.&nbsp; C\u2019est \u00e0 lui d\u2019anticiper et d\u2019agir.<\/p>\n\n\n\n<p class=\"has-text-color has-vivid-cyan-blue-color\">Al Bayane, mercredi 27 mars 2019<\/p>\n","protected":false},"excerpt":{"rendered":"<p>Par&nbsp; Abdeslam Seddiki \u00ab&nbsp;Gouverner, c\u2019est pr\u00e9voir&nbsp;\u00bb dit l\u2019adage, m\u00eame si au Maroc pour reprendre une formule&nbsp; ch\u00e8re \u00e0 Lyautey \u00ab&nbsp;gouverner c\u2019est&nbsp; pleuvoir&nbsp;\u00bb.&nbsp; Il est bon de rappeler cette \u00e9vidence en ces temps de turbulences sociales et de gr\u00e8ves qui touchent diff\u00e9rents secteurs&nbsp; dont en particulier celui des enseignants dits \u00ab&nbsp;contractuels&nbsp;\u00bb ou pour emprunter l\u2019expression utilis\u00e9e [&hellip;]<\/p>\n","protected":false},"author":1,"featured_media":7337,"comment_status":"open","ping_status":"open","sticky":false,"template":"","format":"standard","meta":{"footnotes":""},"categories":[18],"tags":[],"class_list":["post-7768","post","type-post","status-publish","format-standard","has-post-thumbnail","hentry","category-point-de-vue"],"_links":{"self":[{"href":"https:\/\/pps.ma\/fr\/wp-json\/wp\/v2\/posts\/7768","targetHints":{"allow":["GET"]}}],"collection":[{"href":"https:\/\/pps.ma\/fr\/wp-json\/wp\/v2\/posts"}],"about":[{"href":"https:\/\/pps.ma\/fr\/wp-json\/wp\/v2\/types\/post"}],"author":[{"embeddable":true,"href":"https:\/\/pps.ma\/fr\/wp-json\/wp\/v2\/users\/1"}],"replies":[{"embeddable":true,"href":"https:\/\/pps.ma\/fr\/wp-json\/wp\/v2\/comments?post=7768"}],"version-history":[{"count":2,"href":"https:\/\/pps.ma\/fr\/wp-json\/wp\/v2\/posts\/7768\/revisions"}],"predecessor-version":[{"id":7770,"href":"https:\/\/pps.ma\/fr\/wp-json\/wp\/v2\/posts\/7768\/revisions\/7770"}],"wp:featuredmedia":[{"embeddable":true,"href":"https:\/\/pps.ma\/fr\/wp-json\/wp\/v2\/media\/7337"}],"wp:attachment":[{"href":"https:\/\/pps.ma\/fr\/wp-json\/wp\/v2\/media?parent=7768"}],"wp:term":[{"taxonomy":"category","embeddable":true,"href":"https:\/\/pps.ma\/fr\/wp-json\/wp\/v2\/categories?post=7768"},{"taxonomy":"post_tag","embeddable":true,"href":"https:\/\/pps.ma\/fr\/wp-json\/wp\/v2\/tags?post=7768"}],"curies":[{"name":"wp","href":"https:\/\/api.w.org\/{rel}","templated":true}]}}