{"id":7782,"date":"2019-04-17T12:39:40","date_gmt":"2019-04-17T12:39:40","guid":{"rendered":"http:\/\/ppsmaroc.com\/fr\/?p=7782"},"modified":"2019-04-17T12:39:47","modified_gmt":"2019-04-17T12:39:47","slug":"dur-des-portugaises","status":"publish","type":"post","link":"https:\/\/pps.ma\/fr\/7782\/","title":{"rendered":"Dur des portugaises !"},"content":{"rendered":"\n<p class=\"has-text-color has-vivid-cyan-blue-color\">Par Mustapha LABRAIMI<\/p>\n\n\n\n<div class=\"wp-block-image\"><figure class=\"alignright is-resized\"><img loading=\"lazy\" decoding=\"async\" src=\"http:\/\/ppsmaroc.com\/fr\/wp-content\/uploads\/2014\/05\/Mustapha-Labraimi-2.jpg\" alt=\"\" class=\"wp-image-5897\" width=\"185\" height=\"226\" srcset=\"https:\/\/pps.ma\/fr\/wp-content\/uploads\/2014\/05\/Mustapha-Labraimi-2.jpg 264w, https:\/\/pps.ma\/fr\/wp-content\/uploads\/2014\/05\/Mustapha-Labraimi-2-245x300.jpg 245w\" sizes=\"auto, (max-width: 185px) 100vw, 185px\" \/><\/figure><\/div>\n\n\n\n<p>A\nvoir, de nos rivages africains de la M\u00e9diterran\u00e9e, le feu ravager la cath\u00e9drale\nde Notre Dame de Paris, on ne peut que ressentir l\u2019immensit\u00e9 de la perte. Une\nperte pour nous car il s\u2019agit d\u2019une partie de notre patrimoine. Tout d\u2019abord \u00e0\ntravers l\u2019\u0153uvre litt\u00e9raire de Victor Hugo o\u00f9 le plaidoyer pour la pr\u00e9servation\ndu patrimoine architectural constitue le filigrane du roman dans lequel Notre\nDame de Paris constitue le pivot du r\u00e9cit. &nbsp;Puis, \u00e0 travers la musique et le cin\u00e9ma qui\nont adapt\u00e9 l\u2019\u0153uvre et enfin&nbsp;; pour celles et ceux qui ont eu la\npossibilit\u00e9 de visiter le monument, majestueux chef d\u2019\u0153uvre de l\u2019architecture gothique\navec la possibilit\u00e9 d\u2019une vue panoramique sur Paris.<\/p>\n\n\n\n<p>Signe\ndes temps, cet incendie intervient \u00e0 l\u2019approche de la journ\u00e9e internationale\ndes monuments et des sites c\u00e9l\u00e9br\u00e9e sous l\u2019\u00e9gide de l\u2019UNESCO chaque ann\u00e9e. Il\nfaudrait dire que l\u2019\u00e9glise n\u2019est pas \u00e0 sa premi\u00e8re d\u00e9gradation, elle en a vu\nd\u2019autres et certainement elle retrouvera sa splendeur tr\u00e8s bient\u00f4t.<\/p>\n\n\n\n<p>L\u2019\u00e9motion\nest grande, car la puissance du feu et sa grande capacit\u00e9 de d\u00e9gradation en\nsont en grande partie responsable. Les intemp\u00e9ries, et surtout l\u2019activit\u00e9\nhumaine est beaucoup plus sournoise dans la d\u00e9pr\u00e9dation du patrimoine b\u00e2ti.\nTous les monuments ne sont pas Notre Dame de Paris pour susciter l\u2019int\u00e9r\u00eat pour\nsa restauration pass\u00e9e ou actuelle et chaque monument constitue une partie de\nnous, de notre histoire. Il nous \u00e9clairera sur notre v\u00e9cu et nous inspirera\npour l\u2019\u00e9dification de notre avenir.<\/p>\n\n\n\n<p>Dans\nnotre beau pays riche en sites historiques, Sa Majest\u00e9 le Roi s\u2019est engag\u00e9 dans\nla r\u00e9alisation de la mise en valeur et la r\u00e9habilitation des anciennes m\u00e9dinas\npour pr\u00e9server et valoriser le patrimoine mat\u00e9riel et immat\u00e9riel du royaume, et\n\u00ab&nbsp;de le prot\u00e9ger au b\u00e9n\u00e9fice des g\u00e9n\u00e9rations futures.&nbsp;\u00bb. L\u2019effort est\nimmense pour pr\u00e9server la richesse et la diversit\u00e9 de l\u2019identit\u00e9 marocaine. Il\nexprime la volont\u00e9 nationale et l\u2019unit\u00e9 du peuple marocain pour consolider\nl\u2019int\u00e9grit\u00e9 territoriale et \u00e9difier l\u2019\u00e9tat national d\u00e9mocratique et moderne. Il\nn\u00e9cessite aussi une vigilance pour que les uns arr\u00eatent de d\u00e9faire ce que\nd\u2019autres ont construit avec patience, efforts et pr\u00e9servation.<\/p>\n\n\n\n<p>Le\ncas le plus patent est ce qui se passe \u00e0 El Jadida. Au moment o\u00f9 les\nDoukkali(e)s se rem\u00e9morent la 250<sup>\u00e8me<\/sup> ann\u00e9e de l\u2019\u00e9vacuation des\nportugais de Mazagan, la lib\u00e9ration de Lbrija et la construction au Br\u00e9sil de\nMazag\u00e0o&nbsp;; une ferronnerie, loin de toute initiative de d\u00e9veloppement\nhumain, est install\u00e9e pour occuper l\u2019espace adjacent aux remparts de la Cit\u00e9\nportugaise. Peut-on imaginer un jour, que ce jour n\u2019advienne jamais, que\nl\u2019esplanade de la Mosqu\u00e9e Hassan ou ses alentours soit transform\u00e9e en\n\u00ab&nbsp;souika&nbsp;\u00bb pour marchands ambulants, escargotiers et autres vendeurs de\nsaucisses grill\u00e9es et de jus&nbsp;! Voudrait-on que l\u2019inscription au patrimoine\nmondial soit retir\u00e9e \u00e0 El Jadida que l\u2019on ne s\u2019y prendrait pas autrement.\nL\u2019Unesco a consign\u00e9 \u00e0 ce propos que \u00ab la population de la ville s\u2019y sent tr\u00e8s impliqu\u00e9e et\ns\u2019approprie le souci de conservation et d\u2019animation de ce haut lieu d\u2019histoire\nmaroco-portugaise, consciente que ce patrimoine appartient d\u00e9sormais \u00e0 toute\nl\u2019humanit\u00e9.\u00bb. Rien n\u2019a chang\u00e9 depuis lors&nbsp;; et si la sauvegarde de ce\npatrimoine est une responsabilit\u00e9 collective, il reste aux diff\u00e9rentes\nautorit\u00e9s d\u2019assumer pleinement leur mission. Toujours dans les rapports de\nl\u2019Unesco&nbsp;: \u00ab La gestion du site est plac\u00e9e sous la responsabilit\u00e9 du\nminist\u00e8re des Affaires culturelles (Direction du Patrimoine culturel, Centre du\nPatrimoine Maroco-Lusitanien, Institut national des Sciences de l\u2019Arch\u00e9ologie\net du Patrimoine), des autorit\u00e9s locales (le maire d\u2019El Jadida) charg\u00e9es des\nservices, des infrastructures et de l\u2019urbanisme, de la pr\u00e9fecture de la\nProvince (coordination et supervision) et du minist\u00e8re du Tourisme (financement\net promotion).\u00bb. La m\u00e9moire des Doukkala ne se laissera pas effacer ni raturer,\nelle r\u00e9sistera pour le bien de notre pr\u00e9sent et au b\u00e9n\u00e9fice des g\u00e9n\u00e9rations\nfutures du royaume. A bon entendeur, salam&nbsp;; aussi dur des portugaises\nqu\u2019il soit&nbsp;!<\/p>\n","protected":false},"excerpt":{"rendered":"<p>Par Mustapha LABRAIMI A voir, de nos rivages africains de la M\u00e9diterran\u00e9e, le feu ravager la cath\u00e9drale de Notre Dame de Paris, on ne peut que ressentir l\u2019immensit\u00e9 de la perte. Une perte pour nous car il s\u2019agit d\u2019une partie de notre patrimoine. Tout d\u2019abord \u00e0 travers l\u2019\u0153uvre litt\u00e9raire de Victor Hugo o\u00f9 le plaidoyer [&hellip;]<\/p>\n","protected":false},"author":1,"featured_media":5897,"comment_status":"open","ping_status":"open","sticky":false,"template":"","format":"standard","meta":{"footnotes":""},"categories":[18],"tags":[],"class_list":["post-7782","post","type-post","status-publish","format-standard","has-post-thumbnail","hentry","category-point-de-vue"],"_links":{"self":[{"href":"https:\/\/pps.ma\/fr\/wp-json\/wp\/v2\/posts\/7782","targetHints":{"allow":["GET"]}}],"collection":[{"href":"https:\/\/pps.ma\/fr\/wp-json\/wp\/v2\/posts"}],"about":[{"href":"https:\/\/pps.ma\/fr\/wp-json\/wp\/v2\/types\/post"}],"author":[{"embeddable":true,"href":"https:\/\/pps.ma\/fr\/wp-json\/wp\/v2\/users\/1"}],"replies":[{"embeddable":true,"href":"https:\/\/pps.ma\/fr\/wp-json\/wp\/v2\/comments?post=7782"}],"version-history":[{"count":1,"href":"https:\/\/pps.ma\/fr\/wp-json\/wp\/v2\/posts\/7782\/revisions"}],"predecessor-version":[{"id":7783,"href":"https:\/\/pps.ma\/fr\/wp-json\/wp\/v2\/posts\/7782\/revisions\/7783"}],"wp:featuredmedia":[{"embeddable":true,"href":"https:\/\/pps.ma\/fr\/wp-json\/wp\/v2\/media\/5897"}],"wp:attachment":[{"href":"https:\/\/pps.ma\/fr\/wp-json\/wp\/v2\/media?parent=7782"}],"wp:term":[{"taxonomy":"category","embeddable":true,"href":"https:\/\/pps.ma\/fr\/wp-json\/wp\/v2\/categories?post=7782"},{"taxonomy":"post_tag","embeddable":true,"href":"https:\/\/pps.ma\/fr\/wp-json\/wp\/v2\/tags?post=7782"}],"curies":[{"name":"wp","href":"https:\/\/api.w.org\/{rel}","templated":true}]}}