{"id":7785,"date":"2019-04-24T14:10:44","date_gmt":"2019-04-24T14:10:44","guid":{"rendered":"http:\/\/ppsmaroc.com\/fr\/?p=7785"},"modified":"2019-04-24T21:39:08","modified_gmt":"2019-04-24T21:39:08","slug":"de-zemamra-a-azemmour","status":"publish","type":"post","link":"https:\/\/pps.ma\/fr\/7785\/","title":{"rendered":"De Zemamra \u00e0 Azemmour"},"content":{"rendered":"\n<p class=\"has-text-color has-vivid-cyan-blue-color\">Par Mustapha LABRAIMI<\/p>\n\n\n\n<div class=\"wp-block-image\"><figure class=\"alignright is-resized\"><img loading=\"lazy\" decoding=\"async\" src=\"http:\/\/ppsmaroc.com\/fr\/wp-content\/uploads\/2014\/05\/Mustapha-Labraimi-2.jpg\" alt=\"\" class=\"wp-image-5897\" width=\"177\" height=\"217\" srcset=\"https:\/\/pps.ma\/fr\/wp-content\/uploads\/2014\/05\/Mustapha-Labraimi-2.jpg 264w, https:\/\/pps.ma\/fr\/wp-content\/uploads\/2014\/05\/Mustapha-Labraimi-2-245x300.jpg 245w\" sizes=\"auto, (max-width: 177px) 100vw, 177px\" \/><\/figure><\/div>\n\n\n\n<p>Un\nscoop \u00e0 prendre avec l\u00e9g\u00e8ret\u00e9&nbsp;: Le pr\u00e9sident de la F\u00e9d\u00e9ration Royale\nMarocaine de Football a \u00e9t\u00e9 interpell\u00e9 par la Renaissance Club Athletic Zemamra\npour ne pas programmer de match le jeudi car c\u2019est le jour du souk \u00e0 Zemamra.\nD\u2019autres anecdotes encore qui signifient que le public marocain a enregistr\u00e9\navec satisfaction l\u2019ascension du club de foot de Zemamra en premi\u00e8re division.\nCette mont\u00e9e spectaculaire m\u00e9rite d\u2019\u00eatre salu\u00e9e et doit \u00eatre encourag\u00e9e car le\nplus dur reste \u00e0 venir. Si l\u2019infrastructure sportive semble en cours de\nfinition, il restera \u00e0 assurer le financement n\u00e9cessaire au maintien et \u00e0 la\nr\u00e9alisation de succ\u00e8s remarquables pour la promotion du club dans son ensemble.\n<\/p>\n\n\n\n<p>Parall\u00e8lement,\nAzemmour a connu pareil \u00e9v\u00e9nement avec ses lionceaux, Achbal Azemmour, qui sont\narriv\u00e9s \u00e0 se hisser vers la deuxi\u00e8me division amateur. Cela a \u00e9t\u00e9 r\u00e9alis\u00e9\nmalgr\u00e9 les nombreuses difficult\u00e9s \u00e0 surmonter. Il a fallu mobiliser autour de\nl\u2019\u00e9quipe et susciter la participation des uns et des autres pour assurer le\nn\u00e9cessaire. La jeunesse, dans son enthousiasme et l\u2019\u00e9lan de la r\u00e9ussite, y\ntrouva son bonheur.<\/p>\n\n\n\n<p>Ainsi\ndu centre du pays Doukkala aux rives de l\u2019Oum er Rbia et les rivages de l\u2019oc\u00e9an\nAtlantique, ces deux \u00e9v\u00e9nements sont c\u00e9l\u00e9br\u00e9s dans la liesse et la fiert\u00e9\npartag\u00e9e. L\u2019espoir se d\u00e9veloppe au-del\u00e0 des contraintes conjoncturelles\npr\u00e9sentes et futures. Il restera \u00e0 assumer pour que la d\u00e9ception n\u2019arrive pas \u00e0\nplomber les ailes de ces jeunes.<\/p>\n\n\n\n<p>La\nconfiguration des \u00e9quipes de foot au sein de la FRMF, de ses ligues et des\nchampionnats et coupes organis\u00e9s refl\u00e8te le changement survenu dans la soci\u00e9t\u00e9\nmarocaine et l\u2019am\u00e9nagement de son territoire.<\/p>\n\n\n\n<p>La\npratique du sport est en essor permanent \u00e0 travers le territoire national m\u00eame\nsi l\u2019on reste loin de la cr\u00e9ation de piscines, de terrains de jeux et de stades\ndans toutes les communes. Le foot en particulier trouve joueurs et spectateurs\ndans tout terrain vague plus ou moins am\u00e9nag\u00e9. La mise en place de terrains\nd\u00e9di\u00e9s, beaucoup plus en milieu urbain qu\u2019en milieu rural, donne aux jeunes la\npossibilit\u00e9 de suer dans la joie. Il reste qu\u2019aucune politique publique n\u2019a \u00e9t\u00e9\n\u00e9rig\u00e9e v\u00e9ritablement pour que le domaine sportif soit pris en consid\u00e9ration \u00e0\ntravers l\u2019ensemble des collectivit\u00e9s territoriales et r\u00e9ponde aux attentes de\nla population. A quelques exceptions pr\u00e8s, le sport reste une affaire\npersonnelle et son organisation volontariste est laiss\u00e9e au bon vouloir des\nusagers sans encadrement aucun. Il peut devenir un enjeu lors des \u00e9ch\u00e9ances\n\u00e9lectorales sans qu\u2019une action publique territoriale ne soit men\u00e9e pour son\n\u00e9volution. On ne parlera jamais de sport en tant que pratique sociale dans les\nconseils communaux alors que la subvention sera accord\u00e9e ou non \u00e0 une\nassociation qui en fait le principal objet de son activit\u00e9.&nbsp; &nbsp;<\/p>\n\n\n\n<p>Le\nsport reste en marge de l\u2019activit\u00e9 \u00e9conomique locale&nbsp;; alors qu\u2019il\nconstitue un facteur important dans la dynamique qu\u2019elle peut connaitre par les\nd\u00e9placements qu\u2019il occasionne et la consommation qu\u2019il provoque. &nbsp;La visibilit\u00e9 de sa gestion n\u2019est pas assur\u00e9e.\nL\u2019opacit\u00e9 cache aussi bien les mis\u00e8res autant que les d\u00e9rives. Loin de toute\ncomptabilit\u00e9 normative, des \u00ab&nbsp;investissements&nbsp;\u00bb personnels qui\nr\u00e9pondent aux d\u00e9penses oblig\u00e9es de l\u2019\u00e9quipe conduisent parfois \u00e0 un endettement\nvoire \u00e0 la faillite du cadre cens\u00e9 trouver l\u2019argent l\u00e0 o\u00f9 il se trouve pour\nsatisfaire les besoins. D\u2019autres verseront dans la malhonn\u00eatet\u00e9 aux d\u00e9pens de\nla collectivit\u00e9 et de l\u2019engouement des jeunes pour leur sport pr\u00e9f\u00e9r\u00e9.\nL\u2019encadrement et la r\u00e9gulation par une politique publique ad\u00e9quate au niveau de\nla commune de l\u2019activit\u00e9 sportive est devenue une priorit\u00e9 autant que\nl\u2019\u00e9ducation, la sant\u00e9, le logement ou l\u2019infrastructure des agglom\u00e9rations. Elle\npermettra autant la transparence n\u00e9cessaire dans la gestion que la continuit\u00e9\ndans l\u2019effort pour la promotion de la pratique sportive.<\/p>\n\n\n\n<p>La\nmise en \u0153uvre d\u2019une politique sportive locale aidera certainement aussi \u00e0\nd\u00e9passer les subjectivit\u00e9s et la personnalisation dans la mobilisation de masse\ndes jeunes pour rationaliser au mieux les approches et la participation de la\npopulation. L\u2019investissement b\u00e9n\u00e9vole sera soutenu dans le cadre g\u00e9n\u00e9ral de la\nconsolidation du processus d\u00e9mocratique \u00e0 Zemamra, Azemmour et partout ailleurs\n\u00e0 travers le territoire national. &nbsp;&nbsp;&nbsp;&nbsp;&nbsp;<\/p>\n","protected":false},"excerpt":{"rendered":"<p>Par Mustapha LABRAIMI Un scoop \u00e0 prendre avec l\u00e9g\u00e8ret\u00e9&nbsp;: Le pr\u00e9sident de la F\u00e9d\u00e9ration Royale Marocaine de Football a \u00e9t\u00e9 interpell\u00e9 par la Renaissance Club Athletic Zemamra pour ne pas programmer de match le jeudi car c\u2019est le jour du souk \u00e0 Zemamra. D\u2019autres anecdotes encore qui signifient que le public marocain a enregistr\u00e9 avec [&hellip;]<\/p>\n","protected":false},"author":1,"featured_media":5897,"comment_status":"open","ping_status":"open","sticky":false,"template":"","format":"standard","meta":{"footnotes":""},"categories":[18],"tags":[],"class_list":["post-7785","post","type-post","status-publish","format-standard","has-post-thumbnail","hentry","category-point-de-vue"],"_links":{"self":[{"href":"https:\/\/pps.ma\/fr\/wp-json\/wp\/v2\/posts\/7785","targetHints":{"allow":["GET"]}}],"collection":[{"href":"https:\/\/pps.ma\/fr\/wp-json\/wp\/v2\/posts"}],"about":[{"href":"https:\/\/pps.ma\/fr\/wp-json\/wp\/v2\/types\/post"}],"author":[{"embeddable":true,"href":"https:\/\/pps.ma\/fr\/wp-json\/wp\/v2\/users\/1"}],"replies":[{"embeddable":true,"href":"https:\/\/pps.ma\/fr\/wp-json\/wp\/v2\/comments?post=7785"}],"version-history":[{"count":1,"href":"https:\/\/pps.ma\/fr\/wp-json\/wp\/v2\/posts\/7785\/revisions"}],"predecessor-version":[{"id":7786,"href":"https:\/\/pps.ma\/fr\/wp-json\/wp\/v2\/posts\/7785\/revisions\/7786"}],"wp:featuredmedia":[{"embeddable":true,"href":"https:\/\/pps.ma\/fr\/wp-json\/wp\/v2\/media\/5897"}],"wp:attachment":[{"href":"https:\/\/pps.ma\/fr\/wp-json\/wp\/v2\/media?parent=7785"}],"wp:term":[{"taxonomy":"category","embeddable":true,"href":"https:\/\/pps.ma\/fr\/wp-json\/wp\/v2\/categories?post=7785"},{"taxonomy":"post_tag","embeddable":true,"href":"https:\/\/pps.ma\/fr\/wp-json\/wp\/v2\/tags?post=7785"}],"curies":[{"name":"wp","href":"https:\/\/api.w.org\/{rel}","templated":true}]}}