{"id":7790,"date":"2019-04-30T21:56:37","date_gmt":"2019-04-30T21:56:37","guid":{"rendered":"http:\/\/ppsmaroc.com\/fr\/?p=7790"},"modified":"2019-04-30T21:56:42","modified_gmt":"2019-04-30T21:56:42","slug":"le-civisme-fiscal","status":"publish","type":"post","link":"https:\/\/pps.ma\/fr\/7790\/","title":{"rendered":"Le civisme fiscal"},"content":{"rendered":"\n<figure class=\"wp-block-image\"><img loading=\"lazy\" decoding=\"async\" width=\"669\" height=\"447\" src=\"http:\/\/ppsmaroc.com\/fr\/wp-content\/uploads\/2017\/11\/Abdeslam-Seddiki.png\" alt=\"\" class=\"wp-image-7337\" srcset=\"https:\/\/pps.ma\/fr\/wp-content\/uploads\/2017\/11\/Abdeslam-Seddiki.png 669w, https:\/\/pps.ma\/fr\/wp-content\/uploads\/2017\/11\/Abdeslam-Seddiki-300x200.png 300w, https:\/\/pps.ma\/fr\/wp-content\/uploads\/2017\/11\/Abdeslam-Seddiki-90x60.png 90w, https:\/\/pps.ma\/fr\/wp-content\/uploads\/2017\/11\/Abdeslam-Seddiki-180x120.png 180w, https:\/\/pps.ma\/fr\/wp-content\/uploads\/2017\/11\/Abdeslam-Seddiki-95x64.png 95w\" sizes=\"auto, (max-width: 669px) 100vw, 669px\" \/><\/figure>\n\n\n\n<p><br>Par  Abdeslam Seddiki<br>Les  troisi\u00e8mes assises fiscales pr\u00e9vues les 3 et 4 mai constituent un rendez-vous de taille pour jeter les fondements  d\u2019une v\u00e9ritable r\u00e9forme fiscale. Plac\u00e9es sous le mot d\u2019ordre de l\u2019\u00e9quit\u00e9 fiscale et pr\u00e9par\u00e9es minutieusement dans une approche participative in\u00e9dite, ces assises diff\u00e8rent fondamentalement des deux pr\u00e9c\u00e9dentes r\u00e9unies en 2009 et 2013. Cette fois, c\u2019est tout un travail en profondeur qui a \u00e9t\u00e9 r\u00e9alis\u00e9 en amont. Une note de cadrage bien \u00e9labor\u00e9e a \u00e9t\u00e9 envoy\u00e9e aux diff\u00e9rents acteurs  pour les inviter \u00e0 pr\u00e9senter leur contribution  en la mati\u00e8re, des groupes de travail th\u00e9matique ont \u00e9t\u00e9 constitu\u00e9s pour r\u00e9fl\u00e9chir \u00e0 l\u2019avance sur les principales probl\u00e9matiques pos\u00e9es. <br> Toutes les conditions sont donc r\u00e9unies pour lancer \u00e0 partir de Skhirat les jalons d\u2019une nouvelle fiscalit\u00e9 qui soit en harmonie avec les exigences du nouveau mod\u00e8le de d\u00e9veloppement. Il faut rappeler que  la fiscalit\u00e9 n\u2019est pas une affaire de technique et de technocrates. C\u2019est une probl\u00e9matique \u00e9minemment politique dans la mesure o\u00f9 elle met en jeu des int\u00e9r\u00eats divergents et proc\u00e8de par cons\u00e9quent de choix de classe. En instaurant un taux donn\u00e9 et pas un autre, en exon\u00e9rant tel produit et pas un autre, on fait, qu\u2019on le veuille ou non, des choix politiques. Et \u00e0 partir du moment o\u00f9 ce choix est tranch\u00e9, le technique peut intervenir pour le concr\u00e9tiser et lui donner un sens pratique. Ce choix, croyons-nous, r\u00e9side d\u00e9sormais  dans l\u2019\u00e9quit\u00e9 fiscale. <br> L\u2019\u00e9quit\u00e9 fiscale peut \u00eatre comprise de deux mani\u00e8res : une \u00e9quit\u00e9 horizontale et une \u00e9quit\u00e9 verticale.  Horizontale  dans la mesure o\u00f9 les contribuables   qui disposent d\u2019un revenu \u00e9gal doivent s\u2019acquitter d\u2019un imp\u00f4t \u00e9gal.  Verticale, en ce sens  que la personne qui dispose d\u2019un revenu sup\u00e9rieur \u00e0 celui d\u2019une autre doit payer, en proportion, plus d\u2019imp\u00f4ts. Ce qui explique le principe de la progressivit\u00e9.<br> On rappellera aussi  que la fiscalit\u00e9 joue une double fonction : d\u2019une part, c\u2019est un moyen de financer les actions r\u00e9galiennes de l\u2019Etat et les biens publics ; d\u2019autre part, c\u2019est un moyen de redistribution des revenus et de correction des in\u00e9galit\u00e9s et dysfonctionnements g\u00e9n\u00e9r\u00e9s au niveau de la r\u00e9partition primaire. La r\u00e9forme envisag\u00e9e doit apporter des r\u00e9ponses \u00e0 cette double finalit\u00e9. Ce qui n\u00e9cessite une r\u00e9partition \u00e9quitable des charges publiques conform\u00e9ment aux dispositions de la Constitution. C\u2019est le seul moyen d\u2019encourager le civisme fiscal.<br> Ainsi, il faut \u0153uvrer pour l\u2019\u00e9largissement de l\u2019assiette fiscale et ce de deux mani\u00e8res : d\u2019abord  en menant une lutte sans merci contre la fraude et l\u2019\u00e9vasion fiscales qui font perdre \u00e0 l\u2019Etat, et donc \u00e0 la collectivit\u00e9,  des milliards de DH ; ensuite   en int\u00e9grant progressivement le secteur informel qui est rest\u00e9 \u00e0 l\u2019abri de toute contribution, notamment la composante \u00ab formelle de l\u2019informel \u00bb.  Par ailleurs,   les d\u00e9rogations  fiscales  doivent \u00eatre rationalis\u00e9es et limit\u00e9es au strict minimum tout en faisant l\u2019objet d\u2019une \u00e9valuation rigoureuse pour en appr\u00e9cier la port\u00e9e. Elles ne doivent en aucune mani\u00e8re se transformer en cadeaux fiscaux accord\u00e9s sans contrepartie. Cela rel\u00e8ve de la gabegie.<br> Un syst\u00e8me fiscal \u00e9quitable est un syst\u00e8me qui renforce les liens de solidarit\u00e9 au sein de la soci\u00e9t\u00e9 et cimente par cons\u00e9quent la coh\u00e9sion nationale.  L\u2019IS doit \u00eatre le fer de lance pour la croissance en stimulant  l\u2019investissement productif et en p\u00e9nalisant la sp\u00e9culation et les rentes de toutes sortes. L\u2019imp\u00f4t sur  les revenus  doit \u00eatre un moyen de soutenir le pouvoir d\u2019achat des couches d\u00e9favoris\u00e9es et des classes moyennes, en r\u00e9visant \u00e0 la baisse les taux appliqu\u00e9s aux pensions de retraite. Au niveau de la TVA,  tout en soumettant les biens de luxe \u00e0 un taux de 30 % ou plus, les biens de premi\u00e8re n\u00e9cessit\u00e9, dont les m\u00e9dicaments,  doivent \u00eatre soumis \u00e0 des taux r\u00e9duits ne d\u00e9passant pas 5%, si ce n\u2019est  enti\u00e8rement exon\u00e9r\u00e9s.<br> La conduite de ce chantier \u00e0 son terme constituera une \u00e9tape importante sur la voie de la d\u00e9mocratisation du pays et du renforcement de la l\u00e9galit\u00e9 de l\u2019imp\u00f4t. Celle-ci se mesurera par rapport \u00e0 la qualit\u00e9 des services rendus par la puissance publique aux citoyens et in fine par la nature des d\u00e9penses publiques. Il faut absolument que le contribuable puisse v\u00e9rifier sur le terrain que l\u2019imp\u00f4t qu\u2019il a pay\u00e9 a bien servi \u00e0 quelque chose. <br> Al bayane, mercredi 1er mai 2019)<\/p>\n","protected":false},"excerpt":{"rendered":"<p>Par Abdeslam SeddikiLes troisi\u00e8mes assises fiscales pr\u00e9vues les 3 et 4 mai constituent un rendez-vous de taille pour jeter les fondements d\u2019une v\u00e9ritable r\u00e9forme fiscale. Plac\u00e9es sous le mot d\u2019ordre de l\u2019\u00e9quit\u00e9 fiscale et pr\u00e9par\u00e9es minutieusement dans une approche participative in\u00e9dite, ces assises diff\u00e8rent fondamentalement des deux pr\u00e9c\u00e9dentes r\u00e9unies en 2009 et 2013. Cette fois, [&hellip;]<\/p>\n","protected":false},"author":1,"featured_media":7337,"comment_status":"open","ping_status":"open","sticky":false,"template":"","format":"standard","meta":{"footnotes":""},"categories":[18],"tags":[],"class_list":["post-7790","post","type-post","status-publish","format-standard","has-post-thumbnail","hentry","category-point-de-vue"],"_links":{"self":[{"href":"https:\/\/pps.ma\/fr\/wp-json\/wp\/v2\/posts\/7790","targetHints":{"allow":["GET"]}}],"collection":[{"href":"https:\/\/pps.ma\/fr\/wp-json\/wp\/v2\/posts"}],"about":[{"href":"https:\/\/pps.ma\/fr\/wp-json\/wp\/v2\/types\/post"}],"author":[{"embeddable":true,"href":"https:\/\/pps.ma\/fr\/wp-json\/wp\/v2\/users\/1"}],"replies":[{"embeddable":true,"href":"https:\/\/pps.ma\/fr\/wp-json\/wp\/v2\/comments?post=7790"}],"version-history":[{"count":1,"href":"https:\/\/pps.ma\/fr\/wp-json\/wp\/v2\/posts\/7790\/revisions"}],"predecessor-version":[{"id":7791,"href":"https:\/\/pps.ma\/fr\/wp-json\/wp\/v2\/posts\/7790\/revisions\/7791"}],"wp:featuredmedia":[{"embeddable":true,"href":"https:\/\/pps.ma\/fr\/wp-json\/wp\/v2\/media\/7337"}],"wp:attachment":[{"href":"https:\/\/pps.ma\/fr\/wp-json\/wp\/v2\/media?parent=7790"}],"wp:term":[{"taxonomy":"category","embeddable":true,"href":"https:\/\/pps.ma\/fr\/wp-json\/wp\/v2\/categories?post=7790"},{"taxonomy":"post_tag","embeddable":true,"href":"https:\/\/pps.ma\/fr\/wp-json\/wp\/v2\/tags?post=7790"}],"curies":[{"name":"wp","href":"https:\/\/api.w.org\/{rel}","templated":true}]}}