{"id":7827,"date":"2019-05-21T18:32:07","date_gmt":"2019-05-21T18:32:07","guid":{"rendered":"http:\/\/ppsmaroc.com\/fr\/?p=7827"},"modified":"2019-05-21T18:32:07","modified_gmt":"2019-05-21T18:32:07","slug":"bilan-detape-le-dit-et-le-non-dit","status":"publish","type":"post","link":"https:\/\/pps.ma\/fr\/7827\/","title":{"rendered":"Bilan d\u2019\u00e9tape : le dit et le non-dit"},"content":{"rendered":"<p><img loading=\"lazy\" decoding=\"async\" class=\"aligncenter size-full wp-image-7337\" src=\"http:\/\/ppsmaroc.com\/fr\/wp-content\/uploads\/2017\/11\/Abdeslam-Seddiki.png\" alt=\"\" width=\"669\" height=\"447\" srcset=\"https:\/\/pps.ma\/fr\/wp-content\/uploads\/2017\/11\/Abdeslam-Seddiki.png 669w, https:\/\/pps.ma\/fr\/wp-content\/uploads\/2017\/11\/Abdeslam-Seddiki-300x200.png 300w, https:\/\/pps.ma\/fr\/wp-content\/uploads\/2017\/11\/Abdeslam-Seddiki-90x60.png 90w, https:\/\/pps.ma\/fr\/wp-content\/uploads\/2017\/11\/Abdeslam-Seddiki-180x120.png 180w, https:\/\/pps.ma\/fr\/wp-content\/uploads\/2017\/11\/Abdeslam-Seddiki-95x64.png 95w\" sizes=\"auto, (max-width: 669px) 100vw, 669px\" \/><\/p>\n<p><span style=\"color: #3366ff;\"><strong>Par\u00a0 Abdeslam Seddiki<\/strong><\/span><\/p>\n<p>En application de l\u2019article 101 de la constitution, le Chef du Gouvernement a pr\u00e9sent\u00e9 devant les deux chambres du parlement le bilan \u00e0 mi-parcours de son \u00e9quipe. L\u2019initiative est\u00a0 en elle-m\u00eame louable tant qu\u2019elle contribue \u00e0 l\u2019enracinement des pratique d\u00e9mocratiques et \u00e0 donner vie et dynamisme \u00e0 une situation politique qui est, le moins qu\u2019on puisse dire, atone. \u00a0C\u2019est une occasion idoine pour enclencher un d\u00e9bat autour des grandes questions du pays et appr\u00e9cier les r\u00e9ponses, si r\u00e9ponses il y a, de l\u2019\u00e9quipe Othmani pour y rem\u00e9dier. Par la pr\u00e9sente chronique, nous comptons modestement y contribuer.<\/p>\n<p>Comment y proc\u00e9der\u00a0? Quelle grille de lecture \u00a0adopter\u00a0? Il me semble de prime abord qu\u2019il y a trois mani\u00e8res de \u00a0lire ce bilan\u00a0:<\/p>\n<p>1) le soumette \u00e0 une critique externe et le juger sur la base d\u2019a priori id\u00e9ologiques et des id\u00e9es pr\u00e9con\u00e7ues. Ici, la r\u00e9ponse est pr\u00eate avant de connaitre la nature du probl\u00e8me. Elle consiste \u00e0 adopter une attitude de rejet en ne voyant que du noir et du brouillard. Cette attitude\u00a0 nihiliste qui se renforce par le m\u00e9contentement populaire se place dans un certain conformisme intellectuel \u00a0et va jusqu\u2019\u00e0 d\u00e9nigrer avec une bassesse inou\u00efe, tout ce qui marche\u00a0;<\/p>\n<p>2) une deuxi\u00e8me lecture s\u2019inscrit en opposition frontale \u00e0 la premi\u00e8re en versant dans une apologie extr\u00eame et dans une autosatisfaction \u00e0 la limite de la b\u00e9atitude. Sa devise\u00a0: \u00ab\u00a0tout va pour le mieux \u00a0dans le meilleur \u00a0des mondes imaginables\u00a0\u00bb. Comme les extr\u00eames se rejoignent, ces deux grilles de lecture ne pr\u00e9sentent pas\u00a0 beaucoup d\u2019int\u00e9r\u00eat si ce n\u2019est le ronronnement verbal et ne font pas, par cons\u00e9quent, avancer la r\u00e9flexion\u00a0;<\/p>\n<p>3) entre ces deux lectures, il y a de la place pour une troisi\u00e8me, celle de la raison et de l\u2019analyse. Celle qui interroge la conscience humaine\u00a0 et met \u00e0 rude \u00e9preuve son intelligence. Celle qui ne se contente pas du refus syst\u00e9matique ni du suivisme aveugle. C\u2019est \u00e0 cette lecture que je \u00a0me suis personnellement exerc\u00e9, m\u2019obligeant, par pr\u00e9caution d\u2019usage, \u00e0 ne pas faire de commentaire \u00e0 chaud et \u00e0 agir dans le feu de l\u2019actualit\u00e9 en prenant, chemin faisant, le recul\u00a0 n\u00e9cessaire pour conduire une analyse qui est de mon point de vue, objective, critique\u00a0 mais engag\u00e9e il va sans dire.<\/p>\n<p>Ces consid\u00e9rations m\u00e9thodologiques \u00e9tant faites,\u00a0 passons, \u00e0 pr\u00e9sent, \u00a0au crible la d\u00e9claration\u00a0 du Chef du gouvernement en prenant en consid\u00e9ration son expos\u00e9 \u00a0devant les parlementaires (70 pages) et le texte plus d\u00e9taill\u00e9 distribu\u00e9 sous forme de rapport analytique (358 pages). On notera que les deux documents ont \u00e9t\u00e9 \u00e9labor\u00e9s\u00a0 selon le plan du programme\u00a0 gouvernemental pr\u00e9sent\u00e9 pour obtenir l\u2019investiture du parlement. Ledit programme comprend, rappelons- le, \u00a05 axes\u00a0:<\/p>\n<p>&#8211; Soutien \u00e0 l\u2019option d\u00e9mocratique et aux principes de l\u2019Etat de droit et cons\u00e9cration de la r\u00e9gionalisation avanc\u00e9e.<\/p>\n<p>&#8211; Renforcement des valeurs d\u2019int\u00e9grit\u00e9, r\u00e9forme de l\u2019administration et ancrage de la bonne gouvernance.<\/p>\n<p>&#8211; D\u00e9veloppement du mod\u00e8le \u00e9conomique, promotion de l\u2019emploi et d\u00e9veloppement durable.<\/p>\n<p>&#8211; Renforcement du d\u00e9veloppement humain et de la coh\u00e9sion sociale et spatiale.<\/p>\n<p>&#8211; Renforcement du rayonnement international du Maroc et promotion de ses causes justes \u00e0 travers le monde.<\/p>\n<p>Si cette m\u00e9thode peut \u00a0paraitre s\u00e9duisante\u00a0 \u00e0 premi\u00e8re vue, elle pr\u00eache n\u00e9anmoins par son simplisme et son esprit scolastique. \u00a0On s\u2019est limit\u00e9 \u00e0 remplir les cases par un \u00ab\u00a0copier-coller\u00a0\u00bb \u00a0scolaire,\u00a0 \u00e0 tel point qu\u2019on se perd dans les d\u00e9tails. Les quelques mesures phares, qui se compteraient sur les bouts des doigts,\u00a0 auraient\u00a0 m\u00e9rit\u00e9 \u00e0 elles seules,\u00a0 de faire l\u2019objet d\u2019un rapport analytique de la part du Chef du Gouvernement. \u00a0Malheureusement, \u00a0elles\u00a0 ont \u00e9t\u00e9 noy\u00e9es dans un flot de mesures et de soi-disant \u00ab\u00a0r\u00e9alisations\u00a0\u00bb.<\/p>\n<p>En effet, le Chef du Gouvernement \u00e9tait attendu sur des questions et des probl\u00e9matiques pr\u00e9cises qui ont pour la plupart un caract\u00e8re national pr\u00e9occupant, qui sont \u00e0 l\u2019origine d\u2019un malaise social visible\u00a0 et qui placent \u00a0le pays en position de stand-by et de manque de visibilit\u00e9. \u00a0Qu\u2019on\u00a0 en rappelle quelques-unes\u00a0: le blocage persistant pour l\u2019adoption \u00a0du projet de loi sur la r\u00e9forme de l\u2019\u00e9ducation\u00a0; le blocage relatif \u00e0 \u00a0l\u2019adoption de la loi organique sur la langue amazigh\u00a0 et la loi organique relative au Conseil des cultures et langues;\u00a0 la mise en \u0153uvre de la couverture m\u00e9dicale et \u00a0sociale au profit des ind\u00e9pendants ; la situation macro-\u00e9conomique du pays et les pr\u00e9visions arr\u00eat\u00e9es en fin de mandature\u00a0; les cons\u00e9quences politiques et les soubresauts sociaux\u00a0 du hirak\u00a0; l\u2019\u00e9tat r\u00e9el de la coh\u00e9sion au sein de la majorit\u00e9 gouvernementale \u2026 Sur ces\u00a0 questions et d\u2019autres, ayons le courage de le dire en toute responsabilit\u00e9 et franchise\u00a0: le Chef du Gouvernement est rest\u00e9 muet. Ne parlons pas de son silence sur le nouveau mod\u00e8le de d\u00e9veloppement\u00a0? Pas une phrase. Pas un mot\u00a0! Est-ce par crainte de pi\u00e9tiner sur des domaines qu\u2019il consid\u00e8re, \u00e0 tort ou \u00e0 raison, \u00a0ne relevant pas de ses pr\u00e9rogatives\u00a0? Est-ce \u00e0 cause de \u00a0la nature de l\u2019Homme qui se contente, visiblement, d\u2019un Smig\u00a0 politique et n\u2019arrive pas \u00e0 se sentir \u00e0 l\u2019aise dans son costume de Chef de Gouvernement lui pr\u00e9f\u00e9rant celui d\u2019un Premier\u00a0 Ministre\u00a0? En tout cas, de telles interrogations nous semblent tout \u00e0 fait l\u00e9gitimes \u00e0 poser tant elles renvoient \u00e0 la construction\u00a0 d\u00e9mocratique dans notre pays.<\/p>\n<p>Pour ne pas parvenir \u00e0 se saisir de ces questions strat\u00e9giques, le Chef du Gouvernement s\u2019est laiss\u00e9 pi\u00e9g\u00e9 par des d\u00e9tails et des r\u00e9alisations qui rel\u00e8vent \u00e0 plus de 90% de la gestion des\u00a0 affaires courantes,\u00a0 \u00e0 tel point que les r\u00e9seaux sociaux et les commentateurs \u00e0\u00a0 tout va n\u2019ont retenu de cette intervention que son lapsus sur la femme rurale\u00a0! C\u2019est bien dommage \u2026.<\/p>\n<p>Reste \u00e0 savoir dans quelle mesure il a \u00a0s\u00e9duit et convaincu\u00a0 l\u2019opinion publique de ses choix ? A-t-il rassur\u00e9\u00a0 le pays pour se mettre s\u00e9rieusement au travail\u00a0? En l\u2019absence d\u2019instituts de sondage qui mesurent le \u00a0barom\u00e8tre de satisfaction des citoyens, seuls les prochains jours nous apporteront les r\u00e9ponses, ou du moins les premiers indices \u00e0 ces interrogations.<\/p>\n<p><span style=\"color: #3366ff;\">Al Bayane, mercredi 22 mai 2019<\/span><\/p>\n","protected":false},"excerpt":{"rendered":"<p>Par\u00a0 Abdeslam Seddiki En application de l\u2019article 101 de la constitution, le Chef du Gouvernement a pr\u00e9sent\u00e9 devant les deux chambres du parlement le bilan \u00e0 mi-parcours de son \u00e9quipe. L\u2019initiative est\u00a0 en elle-m\u00eame louable tant qu\u2019elle contribue \u00e0 l\u2019enracinement des pratique d\u00e9mocratiques et \u00e0 donner vie et dynamisme \u00e0 une situation politique qui est, [&hellip;]<\/p>\n","protected":false},"author":1,"featured_media":7337,"comment_status":"open","ping_status":"open","sticky":false,"template":"","format":"standard","meta":{"footnotes":""},"categories":[18],"tags":[],"class_list":["post-7827","post","type-post","status-publish","format-standard","has-post-thumbnail","hentry","category-point-de-vue"],"_links":{"self":[{"href":"https:\/\/pps.ma\/fr\/wp-json\/wp\/v2\/posts\/7827","targetHints":{"allow":["GET"]}}],"collection":[{"href":"https:\/\/pps.ma\/fr\/wp-json\/wp\/v2\/posts"}],"about":[{"href":"https:\/\/pps.ma\/fr\/wp-json\/wp\/v2\/types\/post"}],"author":[{"embeddable":true,"href":"https:\/\/pps.ma\/fr\/wp-json\/wp\/v2\/users\/1"}],"replies":[{"embeddable":true,"href":"https:\/\/pps.ma\/fr\/wp-json\/wp\/v2\/comments?post=7827"}],"version-history":[{"count":1,"href":"https:\/\/pps.ma\/fr\/wp-json\/wp\/v2\/posts\/7827\/revisions"}],"predecessor-version":[{"id":7828,"href":"https:\/\/pps.ma\/fr\/wp-json\/wp\/v2\/posts\/7827\/revisions\/7828"}],"wp:featuredmedia":[{"embeddable":true,"href":"https:\/\/pps.ma\/fr\/wp-json\/wp\/v2\/media\/7337"}],"wp:attachment":[{"href":"https:\/\/pps.ma\/fr\/wp-json\/wp\/v2\/media?parent=7827"}],"wp:term":[{"taxonomy":"category","embeddable":true,"href":"https:\/\/pps.ma\/fr\/wp-json\/wp\/v2\/categories?post=7827"},{"taxonomy":"post_tag","embeddable":true,"href":"https:\/\/pps.ma\/fr\/wp-json\/wp\/v2\/tags?post=7827"}],"curies":[{"name":"wp","href":"https:\/\/api.w.org\/{rel}","templated":true}]}}