{"id":7829,"date":"2019-05-23T15:27:58","date_gmt":"2019-05-23T15:27:58","guid":{"rendered":"http:\/\/ppsmaroc.com\/fr\/?p=7829"},"modified":"2019-05-23T15:27:58","modified_gmt":"2019-05-23T15:27:58","slug":"trente-septieme-anniversaire-de-la-disparition-de-notre-camarade-le-professeur-abdel-aziz-belal-une-pensee-vivante-et-une-presence-eternelle","status":"publish","type":"post","link":"https:\/\/pps.ma\/fr\/7829\/","title":{"rendered":"Trente septi\u00e8me anniversaire de la disparition de notre camarade  le Professeur Abdel Aziz BELAL  Une pens\u00e9e vivante et une pr\u00e9sence \u00e9ternelle"},"content":{"rendered":"<p><img loading=\"lazy\" decoding=\"async\" class=\"aligncenter size-full wp-image-4758\" src=\"http:\/\/ppsmaroc.com\/fr\/wp-content\/uploads\/2013\/11\/aziz-bilal-pps.png\" alt=\"\" width=\"600\" height=\"333\" srcset=\"https:\/\/pps.ma\/fr\/wp-content\/uploads\/2013\/11\/aziz-bilal-pps.png 600w, https:\/\/pps.ma\/fr\/wp-content\/uploads\/2013\/11\/aziz-bilal-pps-300x166.png 300w, https:\/\/pps.ma\/fr\/wp-content\/uploads\/2013\/11\/aziz-bilal-pps-99x54.png 99w\" sizes=\"auto, (max-width: 600px) 100vw, 600px\" \/><\/p>\n<p><span style=\"font-weight: 400; color: #3366ff;\">Par Abdeslam Seddiki<\/span><\/p>\n<p><span style=\"font-weight: 400;\"><img loading=\"lazy\" decoding=\"async\" class=\" wp-image-597 alignright\" src=\"http:\/\/ppsmaroc.com\/fr\/wp-content\/uploads\/2012\/08\/seddiki.jpg\" alt=\"\" width=\"196\" height=\"196\" srcset=\"https:\/\/pps.ma\/fr\/wp-content\/uploads\/2012\/08\/seddiki.jpg 250w, https:\/\/pps.ma\/fr\/wp-content\/uploads\/2012\/08\/seddiki-150x150.jpg 150w, https:\/\/pps.ma\/fr\/wp-content\/uploads\/2012\/08\/seddiki-60x60.jpg 60w\" sizes=\"auto, (max-width: 196px) 100vw, 196px\" \/>Il y a une v\u00e9rit\u00e9 \u00e9tablie\u00a0: les grands Hommes, et femmes n\u00e9cessairement, ne meurent pas. Ils restent vivants dans l\u2019esprit des diff\u00e9rentes g\u00e9n\u00e9rations. Aziz Belal en fait bien partie. Il restera \u00e0 jamais<\/span> <span style=\"font-weight: 400;\">pr\u00e9sent \u00a0parmi nous. Par son \u0153uvre scientifique magistrale. Par son apport \u00e0 la praxie \u00a0sociale. Par son r\u00f4le dans la formation de g\u00e9n\u00e9rations enti\u00e8res de jeunes marocains. Par ses valeurs humaines et sa modestie exemplaire. Par sa fid\u00e9lit\u00e9 \u00e0 la patrie et aux causes justes des peuples opprim\u00e9s. <\/span><\/p>\n<p><span style=\"font-weight: 400;\">L\u2019auteur de ces lignes, \u00e9crites en guise d\u2019un modeste hommage \u00a0au savant et militant Si Aziz, a eu la chance de le c\u00f4toyer d\u2019abord en tant que Professeur \u00e0 l\u2019Universit\u00e9, et quatre ann\u00e9es plus tard en tant que coll\u00e8gue et camarade. Et c\u2019est \u00e0 ce titre que je compte aujourd\u2019hui m\u2019exprimer. <\/span><\/p>\n<p><span style=\"font-weight: 400;\">Le professeur Aziz Belal jouissait d\u2019un respect et d\u2019une notori\u00e9t\u00e9 rarement \u00e9gal\u00e9s aussi bien de la part de ses coll\u00e8gues que de ses \u00e9tudiants. Cette notori\u00e9t\u00e9 est acquise d\u2019une fa\u00e7on spontan\u00e9e par ses qualit\u00e9s scientifiques et p\u00e9dagogiques, \u00a0sa pr\u00e9sence sur le terrain des luttes sociales et sa capacit\u00e9 extraordinaire \u00e0 l\u2019\u00e9coute. Le cours de 3H hebdomadaires qu\u2019il nous a dispens\u00e9 en derni\u00e8re ann\u00e9e de licence intitul\u00e9 \u00ab\u00a0Probl\u00e8mes structurels de d\u00e9veloppement\u00a0\u00bb (PSD) \u00e9tait d\u2019une grande \u00a0richesse. Il y avait de tout\u00a0: les th\u00e9ories de d\u00e9veloppement, l\u2019analyse du ph\u00e9nom\u00e8ne du sous-d\u00e9veloppement en rejetant toutes les approches europ\u00e9ocentristes et lin\u00e9aires dont notamment la th\u00e8se de Rostow sur les \u00e9tapes de la croissance et sa th\u00e9orie de d\u00e9collage (ou take-off). Pour Aziz Belal, les pays sous -d\u00e9velopp\u00e9s, au lieu de \u00ab\u00a0d\u00e9coller\u00a0\u00bb, comme le pr\u00e9conisait Rostow, ont au contraire \u00ab\u00a0d\u00e9conn\u00e9\u00a0\u00bb\u00a0! Pour lui, le sous-d\u00e9veloppement n\u2019est que le produit du d\u00e9veloppement. En d\u2019autres termes, le d\u00e9veloppement des uns a produit le sous-d\u00e9veloppement des autres. Pour s\u2019en d\u00e9barrasser, il n\u2019y a d\u2019autre voie que celle de la lib\u00e9ration nationale et de l\u2019\u00e9mancipation des peuples. <\/span><\/p>\n<p><span style=\"font-weight: 400;\">Mais l\u00e0 o\u00f9 on se \u00a0r\u00e9galait r\u00e9ellement avec notre Professeur, c\u2019est lorsque il se lib\u00e9rait \u00a0du contenu strict du cours pour aborder les grandes questions de l\u2019heure et nous mettre au fait des enjeux majeurs de l\u2019humanit\u00e9. \u00a0\u00a0Et c\u2019est gr\u00e2ce \u00e0 cette ouverture d\u2019esprit sur des questions d\u2019int\u00e9r\u00eat g\u00e9n\u00e9ral, que des \u00e9tudiants de sciences juridiques trouvaient du plaisir \u00e0 suivre ses cours. A tel point qu\u2019il fallait venir avant l\u2019heure pour r\u00e9server une place dans un amphith\u00e9\u00e2tre archi-comble. La derni\u00e8re s\u00e9ance du cours rev\u00eat une signification particuli\u00e8re. Elle se d\u00e9roule selon un c\u00e9r\u00e9monial mis en place au fil des ann\u00e9es et qui se perp\u00e9tue de lui-m\u00eame. Le Professeur consacre l\u2019essentiel de sa conf\u00e9rence \u00e0 faire un rappel g\u00e9n\u00e9ral des grandes questions \u00e9tudi\u00e9es pour nous pr\u00e9parer \u00e0 l\u2019\u00e9preuve d\u2019examen. La fin en apoth\u00e9ose\u00a0: un mot de reconnaissance prononc\u00e9 au nom des \u00e9tudiants et un bouquet de fleurs en guise d\u2019amour \u00a0est offert \u00e0 ce Grand Professeur.<\/span><\/p>\n<p><span style=\"font-weight: 400;\">Il s\u2019agit de l\u2019ann\u00e9e universitaire 1974-1975. \u00a0Je retrouve de nouveau mon ancien Professeur Aziz Belal \u00e0 la Facult\u00e9 des Sciences Juridiques, Economiques et Sociales de Casablanca apr\u00e8s avoir pass\u00e9 avec succ\u00e8s mes entretiens pour acc\u00e9der au poste de Maitre-assistant, \u00a0cette fois \u2013ci en tant que coll\u00e8gue et camarade. <\/span><\/p>\n<p><span style=\"font-weight: 400;\">En tant que coll\u00e8gue, j\u2019ai eu la chance de travailler \u00e0 ses c\u00f4t\u00e9s au sein du bureau du d\u00e9partement des sciences \u00e9conomiques dont il assurait brillamment la pr\u00e9sidence en faisant de cette instance \u00a0un espace d\u2019encadrement p\u00e9dagogique , de d\u00e9bat scientifique sur des th\u00e9matiques d\u2019int\u00e9r\u00eat national et d\u2019ouverture sur l\u2019environnement socio-\u00e9conomique de l\u2019universit\u00e9. <\/span><\/p>\n<p><span style=\"font-weight: 400;\">En tant que camarades, on se retrouvait r\u00e9guli\u00e8rement au sein des r\u00e9unions de la Cellule PPS des Enseignants de la Facult\u00e9 de Droit. L\u2019une des cellules du parti les plus actives au niveau national. \u00a0Le camarade Aziz, nonobstant ses multiples obligations et responsabilit\u00e9s tant au sein du parti qu\u2019\u00e0 l\u2019universit\u00e9 et \u00e0 la commune, s\u2019effor\u00e7ait d\u2019assister \u00e0 toutes les r\u00e9unions. Et qui plus est, elles se d\u00e9roulaient g\u00e9n\u00e9ralement \u00a0\u00e0 son domicile avenue des FAR transform\u00e9, pour les besoins de la cause, en \u00ab\u00a0bureau de travail\u00a0\u00bb. Et c\u2019est sur son initiative, que la cellule a pris la d\u00e9cision de publier un bulletin r\u00e9gulier pour animer le d\u00e9bat public. Un premier num\u00e9ro fut effectivement publi\u00e9 avec la contribution de Si Aziz sur un sujet qui demeure d\u2019actualit\u00e9\u00a0: \u00ab\u00a0la bourgeoisie marocaine\u00a0: est-elle ou n\u2019est-elle pas\u00a0\u00bb\u00a0? \u00a0C\u2019\u00e9tait une r\u00e9ponse \u00e0 une certaine th\u00e8se sur \u00ab\u00a0la bourgeoisie non bourgeoise\u00a0\u00bb (sic)<\/span><\/p>\n<p><span style=\"font-weight: 400;\">On se rencontrait \u00a0\u00e9galement au sein de la commission \u00e9conomique du Parti dont il assurait la coordination. C\u2019est sous son autorit\u00e9 scientifique qu\u2019un important colloque fut organis\u00e9 sur la situation \u00e9conomique et dont les actes ont \u00e9t\u00e9 publi\u00e9s sous le titre\u00a0: \u00ab\u00a0la crise, l\u2019alternative\u00a0\u00bb.<\/span><\/p>\n<p><span style=\"font-weight: 400;\">Aziz Belal \u00e9tait infatigable. Pr\u00e9sent sur tous les fronts. \u00a0Il constitue, \u00e0 lui seul, une \u00e9cole et le parti doit absolument mettre en valeur tout ce qu\u2019il a produit au b\u00e9n\u00e9fice de notre jeunesse. L\u2019universit\u00e9 dont il a \u00e9t\u00e9 l\u2019un des fondateurs et pour laquelle Si Aziz a donn\u00e9 le meilleur de lui-m\u00eame, \u00a0lui doit \u00e9galement beaucoup de choses. N\u2019est-il pas grand temps de penser \u00e0 la constitution d\u2019une chaire portant son nom\u00a0?<\/span><\/p>\n<p><span style=\"font-weight: 400;\"> Le Centre d\u2019Etudes et de Recherches Aziz Belal (CERAB) cr\u00e9\u00e9 par le Parti justement pour d\u00e9velopper la \u00a0pens\u00e9e du Regrett\u00e9 Professeur doit absolument revenir \u00e0 ses fondamentaux et rester fid\u00e8le \u00e0 l\u2019esprit qui a pr\u00e9valu lors de sa \u00a0constitution. Un travail de restructuration du Centre s\u2019impose pour lui donner un nouveau souffle. Le CERAB doit redevenir un espace d\u2019\u00e9change \u00a0entre les intellectuels progressistes porteurs de valeurs pour lesquelles Aziz Beal a consacr\u00e9es sa vie. <\/span><\/p>\n<p><span style=\"font-weight: 400; color: #3366ff;\">Al Bayane, vendredi 24 mai 2019<\/span><\/p>\n<p>&nbsp;<\/p>\n","protected":false},"excerpt":{"rendered":"<p>Par Abdeslam Seddiki Il y a une v\u00e9rit\u00e9 \u00e9tablie\u00a0: les grands Hommes, et femmes n\u00e9cessairement, ne meurent pas. Ils restent vivants dans l\u2019esprit des diff\u00e9rentes g\u00e9n\u00e9rations. Aziz Belal en fait bien partie. Il restera \u00e0 jamais pr\u00e9sent \u00a0parmi nous. Par son \u0153uvre scientifique magistrale. Par son apport \u00e0 la praxie \u00a0sociale. Par son r\u00f4le dans [&hellip;]<\/p>\n","protected":false},"author":1,"featured_media":4758,"comment_status":"open","ping_status":"open","sticky":false,"template":"","format":"standard","meta":{"footnotes":""},"categories":[3,18],"tags":[],"class_list":["post-7829","post","type-post","status-publish","format-standard","has-post-thumbnail","hentry","category-actualites","category-point-de-vue"],"_links":{"self":[{"href":"https:\/\/pps.ma\/fr\/wp-json\/wp\/v2\/posts\/7829","targetHints":{"allow":["GET"]}}],"collection":[{"href":"https:\/\/pps.ma\/fr\/wp-json\/wp\/v2\/posts"}],"about":[{"href":"https:\/\/pps.ma\/fr\/wp-json\/wp\/v2\/types\/post"}],"author":[{"embeddable":true,"href":"https:\/\/pps.ma\/fr\/wp-json\/wp\/v2\/users\/1"}],"replies":[{"embeddable":true,"href":"https:\/\/pps.ma\/fr\/wp-json\/wp\/v2\/comments?post=7829"}],"version-history":[{"count":1,"href":"https:\/\/pps.ma\/fr\/wp-json\/wp\/v2\/posts\/7829\/revisions"}],"predecessor-version":[{"id":7830,"href":"https:\/\/pps.ma\/fr\/wp-json\/wp\/v2\/posts\/7829\/revisions\/7830"}],"wp:featuredmedia":[{"embeddable":true,"href":"https:\/\/pps.ma\/fr\/wp-json\/wp\/v2\/media\/4758"}],"wp:attachment":[{"href":"https:\/\/pps.ma\/fr\/wp-json\/wp\/v2\/media?parent=7829"}],"wp:term":[{"taxonomy":"category","embeddable":true,"href":"https:\/\/pps.ma\/fr\/wp-json\/wp\/v2\/categories?post=7829"},{"taxonomy":"post_tag","embeddable":true,"href":"https:\/\/pps.ma\/fr\/wp-json\/wp\/v2\/tags?post=7829"}],"curies":[{"name":"wp","href":"https:\/\/api.w.org\/{rel}","templated":true}]}}