{"id":7834,"date":"2019-06-11T16:48:08","date_gmt":"2019-06-11T16:48:08","guid":{"rendered":"http:\/\/ppsmaroc.com\/fr\/?p=7834"},"modified":"2019-06-11T16:48:08","modified_gmt":"2019-06-11T16:48:08","slug":"la-gauche-cest-maintenant","status":"publish","type":"post","link":"https:\/\/pps.ma\/fr\/7834\/","title":{"rendered":"La gauche\u00a0: c\u2019est maintenant\u00a0!!"},"content":{"rendered":"<p><span style=\"color: #3366ff;\"><b>Par\u00a0 Abdeslam Seddiki<\/b><\/span><\/p>\n<p><img loading=\"lazy\" decoding=\"async\" class=\"aligncenter size-full wp-image-4599\" src=\"http:\/\/ppsmaroc.com\/fr\/wp-content\/uploads\/2013\/10\/Abdesslam-Seddiki.jpg\" alt=\"\" width=\"478\" height=\"348\" srcset=\"https:\/\/pps.ma\/fr\/wp-content\/uploads\/2013\/10\/Abdesslam-Seddiki.jpg 478w, https:\/\/pps.ma\/fr\/wp-content\/uploads\/2013\/10\/Abdesslam-Seddiki-300x218.jpg 300w, https:\/\/pps.ma\/fr\/wp-content\/uploads\/2013\/10\/Abdesslam-Seddiki-99x72.jpg 99w\" sizes=\"auto, (max-width: 478px) 100vw, 478px\" \/><\/p>\n<p><span style=\"font-weight: 400;\">La situation qui pr\u00e9vaut dans le pays appelle plus que jamais la pr\u00e9sence d\u2019une gauche forte. Malheureusement, tel n\u2019est pas le cas. Affaiblie, d\u00e9sunie, elle a du mal \u00e0 se remettre en position de combat pour agir et apporter des solutions comme elle l\u2019a fait par le pass\u00e9. \u00a0Ce reflux de la gauche marocaine n\u2019est pas \u00e9trange au contexte mondial marqu\u00e9 par une offensive n\u00e9o-lib\u00e9rale sans pr\u00e9c\u00e9dent et une mont\u00e9e de mouvements populistes et fondamentalistes qui ne sont, en fait, que l\u2019enfant b\u00e2tard de ce n\u00e9o-lib\u00e9ralisme.<\/span><\/p>\n<p><span style=\"font-weight: 400;\"> \u00a0A ces causes exog\u00e8nes, \u00a0communes \u00e0 l\u2019ensemble de la gauche de par le monde, \u00a0on peut d\u00e9celer des causes endog\u00e8nes propres \u00e0 la gauche marocaine. Celles-ci sont de trois ordres\u00a0: d\u2019abord, la gauche marocaine a p\u00e2ti de sa participation au gouvernement et montre des signes de fatigue visibles. Bien qu\u2019elle ait contribu\u00e9 \u00e0 servir les int\u00e9r\u00eats \u00a0du pays, force est de constater qu\u2019elle n\u2019a pas pu concilier entre les imp\u00e9ratifs de la gestion des affaires publiques et les exigences de sa proximit\u00e9 des citoyens. Ce qui lui a fait perdre une bonne partie de son audience aupr\u00e8s des \u00e9lecteurs qui se sont retourn\u00e9s vers les courants populistes ou, \u00a0pire, se sont repli\u00e9s sur eux-m\u00eames en renfor\u00e7ant le courant abstentionniste et nihiliste\u00a0; ensuite, trop occup\u00e9e par la gestion du quotidien et du court terme, elle a n\u00e9glig\u00e9 la r\u00e9flexion sur les questions strat\u00e9giques que connait le monde. Elle est rest\u00e9e, dans l\u2019ensemble, attach\u00e9e aux dogmes et aux st\u00e9r\u00e9otypes de \u00a0son \u00e2ge d\u2019or. Alors que le monde \u00e9volue \u00e0 vive allure et des probl\u00e8mes d\u2019un type de nouveau font leur apparition, la gauche s\u2019est montr\u00e9e muette et inaudible au moment o\u00f9 d\u2019autres courants \u2013notamment les int\u00e9gristes- ont pu saisir cette opportunit\u00e9 pour imposer leur h\u00e9g\u00e9monie quitte \u00e0 s\u2019allier avec le diable\u00a0; la troisi\u00e8me raison de ce recul de la gauche tient \u00e0 sa d\u00e9sunion, \u00e0 l\u2019h\u00e9morragie dont elle a fait l\u2019objet et \u00e0 l\u2019\u00e9tat de d\u00e9chirement interne qu\u2019elle connait \u00a0\u00a0m\u00eame \u00e0 l\u2019heure actuelle. Ces scissions, si elles pouvaient se justifier dans des cas limite, ne sont pas assises sur des bases objectives et des approches politiques divergentes. Au contraire, elles sont pour l\u2019essentiel dues \u00e0 des causes subjectives et rel\u00e8vent d\u2019une lutte de personnes et non de projets. Ce qui ne fait qu\u2019ajouter de la confusion \u00e0 un champ politique \u00e9cartel\u00e9 et fragment\u00e9. <\/span><\/p>\n<p><span style=\"font-weight: 400;\">Ce constat, pas trop r\u00e9jouissant \u00e9tant fait, \u00a0\u00a0allons-nous conclure que le temps de la gauche est fini et prendre \u00e0 notre compte certaines th\u00e8ses relatives \u00e0 la fin du clivage droite-gauche\u00a0? Absolument pas. La gauche a de beaux jours devant elle \u00e0 condition qu\u2019elle tire les enseignements du pass\u00e9 et qu\u2019elle envisage l\u2019avenir avec de nouvelles lunettes. \u00a0La question d\u00e9passe le choix de participer ou non au gouvernement. Les valeurs qui constituent l\u2019ADN de la gauche ne sont jamais aussi pr\u00e9sentes sur le terrain qu\u2019aujourd\u2019hui. Mais malheureusement, elles s\u2019expriment et se d\u00e9veloppent sans elle (la gauche) quand ce n\u2019est pas \u00e0 ses d\u00e9pens. Ce qui est paradoxal. <\/span><\/p>\n<p><span style=\"font-weight: 400;\"> Ce faisant, le terrain est abandonn\u00e9 au b\u00e9n\u00e9fice des extr\u00e9mistes de droite et de gauche pour \u00ab\u00a0encadrer\u00a0\u00bb \u00e0 leur fa\u00e7on \u00a0les mouvements sociaux qu\u2019a connus le Maroc ces derniers mois. Rien de plus mena\u00e7ant pour la d\u00e9mocratie qu\u2019une \u00e9volution de la soci\u00e9t\u00e9 sur ses marges\u00a0!<\/span><\/p>\n<p><span style=\"font-weight: 400;\">C\u2019est dire combien c\u2019est pressant pour \u00a0la gauche de retrouver sa place naturelle. Elle doit \u00eatre au c\u0153ur des dynamiques soci\u00e9tales et au centre \u00a0du combat pour la d\u00e9mocratie et pour plus de justice sociale et territoriale. Elle en a les moyens et l\u2019art de le faire tout en veillant \u00e0 la pr\u00e9servation des int\u00e9r\u00eats supr\u00eames de la Nation. Mais elle doit proc\u00e9der au pr\u00e9alable, \u00a0avec d\u00e9termination et courage, \u00e0 une remise en cause de certaines pratiques et se regarder bien dans la glace.<\/span><\/p>\n<p><span style=\"font-weight: 400;\"> En premier lieu, elle est appel\u00e9e \u00e0 actualiser son \u00ab\u00a0bagage\u00a0\u00bbid\u00e9ologique \u00e0 la lumi\u00e8re de l\u2019\u00e9volution du monde, pour le rendre attractif vis-\u00e0-vis de la jeunesse qui n\u2019a pas v\u00e9cu l\u2019\u00e8re de la guerre froide ni celle de la lutte pour l\u2019ind\u00e9pendance ou m\u00eame de la Marche Verte. \u00a0Qui, parmi les militants de gauche, serait en mesure de donner une d\u00e9finition claire de l\u2019imp\u00e9rialisme aujourd\u2019hui, pour ne citer que cet exemple? Dans le pass\u00e9, il suffisait de rab\u00e2cher la d\u00e9finition de L\u00e9nine selon laquelle \u00ab\u00a0l\u2019imp\u00e9rialisme est le stade supr\u00eame du capitalisme\u00a0\u00bb\u00a0!<\/span><\/p>\n<p><span style=\"font-weight: 400;\"> \u00a0En deuxi\u00e8me lieu, elle ne doit pas tergiverser en mati\u00e8re de fonctionnement d\u00e9mocratique interne. On ne peut pas exiger de l\u2019autre plus de d\u00e9mocratie si on ne l\u2019est pas \u00e0 notre niveau. Il y va de la cr\u00e9dibilit\u00e9 de la gauche.<\/span><\/p>\n<p><span style=\"font-weight: 400;\"> En troisi\u00e8me et dernier lieu, la gauche doit absolument r\u00e9ussir l\u00e0 o\u00f9 elle a \u00e9chou\u00e9 dans le pass\u00e9 et r\u00e9aliser un v\u0153u cher \u00e0 ses dirigeants historiques, \u00e0 savoir son unit\u00e9. Une unit\u00e9 dans l\u2019action s\u2019entend. Sans volont\u00e9 d\u2019h\u00e9g\u00e9monisme et dans le respect de la diversit\u00e9. Pour cela, elle doit d\u00e9passer les querelles de chapelle aggrav\u00e9es par certains comportements d\u2019\u00e9go.<\/span><\/p>\n<p><span style=\"font-weight: 400;\">C\u2019est de cette gauche que le pays a aujourd\u2019hui besoin. \u00a0C\u2019est cette gauche r\u00e9nov\u00e9e et \u00ab\u00a0d\u00e9poussi\u00e9r\u00e9e\u00a0\u00bb qui peut constituer une alternative d\u00e9mocratique \u00e0 m\u00eame \u00a0de redonner espoir \u00e0 notre jeunesse et de rehausser la place de notre pays sur l\u2019\u00e9chiquier r\u00e9gional et international.<\/span><\/p>\n<p><span style=\"color: #3366ff;\"><strong>Al Bayane, mercredi 12 juin 2019<\/strong><\/span><\/p>\n","protected":false},"excerpt":{"rendered":"<p>Par\u00a0 Abdeslam Seddiki La situation qui pr\u00e9vaut dans le pays appelle plus que jamais la pr\u00e9sence d\u2019une gauche forte. Malheureusement, tel n\u2019est pas le cas. Affaiblie, d\u00e9sunie, elle a du mal \u00e0 se remettre en position de combat pour agir et apporter des solutions comme elle l\u2019a fait par le pass\u00e9. \u00a0Ce reflux de la [&hellip;]<\/p>\n","protected":false},"author":1,"featured_media":4599,"comment_status":"open","ping_status":"open","sticky":false,"template":"","format":"standard","meta":{"footnotes":""},"categories":[18],"tags":[],"class_list":["post-7834","post","type-post","status-publish","format-standard","has-post-thumbnail","hentry","category-point-de-vue"],"_links":{"self":[{"href":"https:\/\/pps.ma\/fr\/wp-json\/wp\/v2\/posts\/7834","targetHints":{"allow":["GET"]}}],"collection":[{"href":"https:\/\/pps.ma\/fr\/wp-json\/wp\/v2\/posts"}],"about":[{"href":"https:\/\/pps.ma\/fr\/wp-json\/wp\/v2\/types\/post"}],"author":[{"embeddable":true,"href":"https:\/\/pps.ma\/fr\/wp-json\/wp\/v2\/users\/1"}],"replies":[{"embeddable":true,"href":"https:\/\/pps.ma\/fr\/wp-json\/wp\/v2\/comments?post=7834"}],"version-history":[{"count":1,"href":"https:\/\/pps.ma\/fr\/wp-json\/wp\/v2\/posts\/7834\/revisions"}],"predecessor-version":[{"id":7835,"href":"https:\/\/pps.ma\/fr\/wp-json\/wp\/v2\/posts\/7834\/revisions\/7835"}],"wp:featuredmedia":[{"embeddable":true,"href":"https:\/\/pps.ma\/fr\/wp-json\/wp\/v2\/media\/4599"}],"wp:attachment":[{"href":"https:\/\/pps.ma\/fr\/wp-json\/wp\/v2\/media?parent=7834"}],"wp:term":[{"taxonomy":"category","embeddable":true,"href":"https:\/\/pps.ma\/fr\/wp-json\/wp\/v2\/categories?post=7834"},{"taxonomy":"post_tag","embeddable":true,"href":"https:\/\/pps.ma\/fr\/wp-json\/wp\/v2\/tags?post=7834"}],"curies":[{"name":"wp","href":"https:\/\/api.w.org\/{rel}","templated":true}]}}