{"id":7837,"date":"2019-06-18T19:47:44","date_gmt":"2019-06-18T19:47:44","guid":{"rendered":"http:\/\/ppsmaroc.com\/fr\/?p=7837"},"modified":"2019-06-18T19:47:44","modified_gmt":"2019-06-18T19:47:44","slug":"le-passage-a-gmt-1-lirreversibilite","status":"publish","type":"post","link":"https:\/\/pps.ma\/fr\/7837\/","title":{"rendered":"Le passage \u00e0 GMT + 1\u00a0: l\u2019irr\u00e9versibilit\u00e9\u00a0?"},"content":{"rendered":"<p><span style=\"color: #3366ff;\"><b>Par Abdeslam Seddiki<\/b><\/span><\/p>\n<p><img loading=\"lazy\" decoding=\"async\" class=\"aligncenter size-full wp-image-7666\" src=\"http:\/\/ppsmaroc.com\/fr\/wp-content\/uploads\/2018\/11\/Seddiki-Abdeslam.jpg\" alt=\"\" width=\"508\" height=\"312\" srcset=\"https:\/\/pps.ma\/fr\/wp-content\/uploads\/2018\/11\/Seddiki-Abdeslam.jpg 508w, https:\/\/pps.ma\/fr\/wp-content\/uploads\/2018\/11\/Seddiki-Abdeslam-300x184.jpg 300w\" sizes=\"auto, (max-width: 508px) 100vw, 508px\" \/><\/p>\n<p><span style=\"font-weight: 400;\">Apr\u00e8s les remous suscit\u00e9s par la d\u00e9cision gouvernementale consistant \u00e0 mettre le Maroc d\u2019une fa\u00e7on permanente sur le fuseau horaire de GMT+1, ou ce qui est convenu d\u2019appeler l\u2019horaire d\u2019\u00e9t\u00e9, il semblerait que l\u2019on s\u2019oriente enfin vers la confirmation de cette option. \u00a0Le dernier rapport de synth\u00e8se publi\u00e9 r\u00e9cemment par le Minist\u00e8re de la R\u00e9forme Administrative et de la Fonction Publique plaide, sans h\u00e9sitation, dans ce sens.<\/span><\/p>\n<p><span style=\"font-weight: 400;\">Rappelons que ledit rapport fait partie d\u2019une \u00e9tude r\u00e9alis\u00e9e en deux \u00e9tapes\u00a0: la premi\u00e8re partie, portant sur l\u2019\u00e9valuation du syst\u00e8me de changement d\u2019horaire pendant la p\u00e9riode 201262017, a \u00e9t\u00e9 remise en octobre 2017\u00a0; la deuxi\u00e8me, \u00a0portant sur l\u2019\u00e9valuation de l\u2019adoption de l\u2019horaire d\u2019\u00e9t\u00e9 durant toute l\u2019ann\u00e9e, vient d\u2019\u00eatre rendue publique tout r\u00e9cemment, du moins dans sa version synth\u00e9tique. C\u2019est \u00e0 cette derni\u00e8re que le pr\u00e9sent article s\u2019int\u00e9ressera. <\/span><\/p>\n<p><span style=\"font-weight: 400;\">Sans rentrer dans les d\u00e9tails de ce rapport qui peut \u00eatre consult\u00e9 sur le site du Minist\u00e8re, on peut affirmer, \u00a0sans risque d\u2019\u00eatre contredit, qu\u2019il s\u2019inscrit dans la continuit\u00e9 des conclusions d\u00e9gag\u00e9es auparavant dans la premi\u00e8re partie de l\u2019\u00e9tude. Il est venu, en quelque sorte, pour appuyer une position d\u00e9j\u00e0 arr\u00eat\u00e9e. Ainsi, \u00e0 la lecture de ce rapport, on sortira avec une impression g\u00e9n\u00e9rale que le Maroc \u00a0a tout \u00e0 gagner en adoptant d\u00e9finitivement l\u2019horaire d\u2019\u00e9t\u00e9 et en enterrant \u00e0 jamais le fuseau horaire GMT qui est en parfaite symbiose avec l\u2019horaire biologique. <\/span><\/p>\n<p><span style=\"font-weight: 400;\"> L\u2019impact de ce passage (en force\u00a0?) est jug\u00e9 favorable sur tous les plans\u00a0: au niveau social (plus de s\u00e9curit\u00e9), au niveau du syst\u00e8me \u00e9ducatif (avec certaines mesures d\u2019accompagnement), au niveau \u00e9nerg\u00e9tique et environnemental (une \u00e9conomie \u00a0substantielle de notre consommation \u00e9nerg\u00e9tique et, par cons\u00e9quent, une baisse de notre \u00e9mission de gaz carbonique), au niveau \u00e9conomique enfin (stimulation de la demande et encouragement de certaines activit\u00e9s li\u00e9es aux loisirs et au troisi\u00e8me temps )\u2026.Bref, tout est beau, tout est \u00a0parfait dans le meilleur des mondes imaginables\u00a0!<\/span><\/p>\n<p><span style=\"font-weight: 400;\">Au-del\u00e0 d\u2019une telle conclusion idyllique et par trop optimiste qui se d\u00e9gage du rapport, il nous semble utile de verser dans le d\u00e9bat un certain nombre de remarques et de questionnements \u00a0sachant, de notre point de vue, que le dossier est loin d\u2019\u00eatre d\u00e9finitivement clos comme on l\u2019aurait pens\u00e9, \u00e0 tort, dans certaines sph\u00e8res. Car la grogne populaire n\u2019est pas d\u00e9finitivement \u00a0\u00e9touff\u00e9e et pourrait se d\u00e9clencher \u00e0 tout moment.<\/span><\/p>\n<p><span style=\"font-weight: 400;\">Le rapport fait r\u00e9f\u00e9rence aux consultations avec plus d\u2019une vingtaine d\u2019intervenants et plus d\u2019une quarantaine de responsables sans les pr\u00e9ciser nomm\u00e9ment. C\u2019est une lacune non n\u00e9gligeable \u00a0lorsqu\u2019on sait que le choix des personnes interview\u00e9es et consult\u00e9es est d\u00e9terminant dans la pertinence des r\u00e9sultats et conclusions.<\/span><\/p>\n<p><span style=\"font-weight: 400;\"> Par ailleurs, et c\u2019est une entorse m\u00e9thodologique de taille, l\u2019\u00e9tude s\u2019est d\u00e9roul\u00e9e dans un espace g\u00e9ographique limit\u00e9, en l\u2019occurrence la R\u00e9gion Rabat, Sal\u00e9 Kenitra, passant outre les sp\u00e9cificit\u00e9s des autres r\u00e9gions du Maroc profond. Or, c\u2019est justement dans ces derni\u00e8res que les probl\u00e8mes apparaissent avec plus d\u2019intensit\u00e9. En fin de compte, l\u2019\u00e9chantillon choisi ne nous parait pas repr\u00e9sentatif pour une enqu\u00eate statistique pertinente. <\/span><\/p>\n<p><span style=\"font-weight: 400;\">D\u2019ailleurs, en pr\u00e9conisant l\u2019am\u00e9lioration de l\u2019\u00e9clairage en milieu rural- parmi les mesures d\u2019accompagnement- pour am\u00e9liorer la s\u00e9curit\u00e9, on a l\u2019impression \u00a0que le Bureau d\u2019Etudes \u00e0 qui on a confi\u00e9 la r\u00e9alisation de cette r\u00e9flexion, a une connaissance somme toute limit\u00e9e de la r\u00e9alit\u00e9 du monde rural. Pourtant, Il suffisait de quitter les salons climatis\u00e9s de Rabat pour voir de visu, \u00e0 quelques kilom\u00e8tres, \u00a0cette r\u00e9alit\u00e9 rendant inefficiente leur proposition. Car, on a affaire pour l\u2019essentiel \u00e0 un habitat dispers\u00e9 et non regroup\u00e9 dans des centres ruraux comme l\u2019auraient imagin\u00e9 sans doute les r\u00e9dacteurs dudit rapport.<\/span><\/p>\n<p><span style=\"font-weight: 400;\">En d\u00e9finitive, la conclusion g\u00e9n\u00e9rale que l\u2019on peut tirer de ce rapport est la suivante\u00a0: on dirait qu\u2019il s\u2019agissait plus d\u2019apporter des justificatifs aux r\u00e9ponses surfaites que de proposer des r\u00e9ponses appropri\u00e9es aux questions qui se posent. La logique analytique \u00a0a \u00e9t\u00e9, en quelque sorte, invers\u00e9e. C\u2019est pour cela que nous pensons que de telles \u00e9tudes, malgr\u00e9 leur importance, ont de faibles chances de convaincre puisqu\u2019elles manquent de rigueur, voire de m\u00e9thode. L\u2019avenir proche nous apportera la preuve. Dans tous les cas, c\u2019est le d\u00e9bat d\u00e9mocratique qui doit trancher en derni\u00e8re instance. L\u2019\u00e9tude n\u2019est qu\u2019un instrument de travail et un moyen d\u2019aide \u00e0 la prise de d\u00e9cision. \u00a0<\/span><\/p>\n<p><span style=\"color: #3366ff;\"><strong>Al Bayane, mercredi 18 juin 2019<\/strong><\/span><\/p>\n","protected":false},"excerpt":{"rendered":"<p>Par Abdeslam Seddiki Apr\u00e8s les remous suscit\u00e9s par la d\u00e9cision gouvernementale consistant \u00e0 mettre le Maroc d\u2019une fa\u00e7on permanente sur le fuseau horaire de GMT+1, ou ce qui est convenu d\u2019appeler l\u2019horaire d\u2019\u00e9t\u00e9, il semblerait que l\u2019on s\u2019oriente enfin vers la confirmation de cette option. \u00a0Le dernier rapport de synth\u00e8se publi\u00e9 r\u00e9cemment par le Minist\u00e8re [&hellip;]<\/p>\n","protected":false},"author":1,"featured_media":7666,"comment_status":"open","ping_status":"open","sticky":false,"template":"","format":"standard","meta":{"footnotes":""},"categories":[18],"tags":[],"class_list":["post-7837","post","type-post","status-publish","format-standard","has-post-thumbnail","hentry","category-point-de-vue"],"_links":{"self":[{"href":"https:\/\/pps.ma\/fr\/wp-json\/wp\/v2\/posts\/7837","targetHints":{"allow":["GET"]}}],"collection":[{"href":"https:\/\/pps.ma\/fr\/wp-json\/wp\/v2\/posts"}],"about":[{"href":"https:\/\/pps.ma\/fr\/wp-json\/wp\/v2\/types\/post"}],"author":[{"embeddable":true,"href":"https:\/\/pps.ma\/fr\/wp-json\/wp\/v2\/users\/1"}],"replies":[{"embeddable":true,"href":"https:\/\/pps.ma\/fr\/wp-json\/wp\/v2\/comments?post=7837"}],"version-history":[{"count":1,"href":"https:\/\/pps.ma\/fr\/wp-json\/wp\/v2\/posts\/7837\/revisions"}],"predecessor-version":[{"id":7838,"href":"https:\/\/pps.ma\/fr\/wp-json\/wp\/v2\/posts\/7837\/revisions\/7838"}],"wp:featuredmedia":[{"embeddable":true,"href":"https:\/\/pps.ma\/fr\/wp-json\/wp\/v2\/media\/7666"}],"wp:attachment":[{"href":"https:\/\/pps.ma\/fr\/wp-json\/wp\/v2\/media?parent=7837"}],"wp:term":[{"taxonomy":"category","embeddable":true,"href":"https:\/\/pps.ma\/fr\/wp-json\/wp\/v2\/categories?post=7837"},{"taxonomy":"post_tag","embeddable":true,"href":"https:\/\/pps.ma\/fr\/wp-json\/wp\/v2\/tags?post=7837"}],"curies":[{"name":"wp","href":"https:\/\/api.w.org\/{rel}","templated":true}]}}