{"id":7841,"date":"2019-06-26T14:02:00","date_gmt":"2019-06-26T14:02:00","guid":{"rendered":"http:\/\/ppsmaroc.com\/fr\/?p=7841"},"modified":"2019-06-26T14:02:00","modified_gmt":"2019-06-26T14:02:00","slug":"langue-fourchue","status":"publish","type":"post","link":"https:\/\/pps.ma\/fr\/7841\/","title":{"rendered":"Langue fourchue"},"content":{"rendered":"<p><img loading=\"lazy\" decoding=\"async\" class=\" wp-image-5897 alignright\" src=\"http:\/\/ppsmaroc.com\/fr\/wp-content\/uploads\/2014\/05\/Mustapha-Labraimi-2.jpg\" alt=\"\" width=\"183\" height=\"224\" srcset=\"https:\/\/pps.ma\/fr\/wp-content\/uploads\/2014\/05\/Mustapha-Labraimi-2.jpg 264w, https:\/\/pps.ma\/fr\/wp-content\/uploads\/2014\/05\/Mustapha-Labraimi-2-245x300.jpg 245w\" sizes=\"auto, (max-width: 183px) 100vw, 183px\" \/><\/p>\n<p><strong><span style=\"color: #3366ff;\">Par Mustapha LABRAIMI<\/span><\/strong><\/p>\n<p>Le m\u00e9rite serait-il une fiction et l\u2019argent une r\u00e9alit\u00e9\u00a0? C\u2019est ce qui semble commander les discours biais\u00e9s des uns et des autres sur l\u2019\u00e9galit\u00e9 des chances dans notre soci\u00e9t\u00e9 fondamentalement in\u00e9galitaire. S\u2019acharner \u00e0 r\u00e9ussir par le s\u00e9rieux, l\u2019effort et le travail n\u2019a jamais \u00e9t\u00e9 garanti dans notre beau pays o\u00f9 la diff\u00e9renciation sociale est structurelle.<\/p>\n<p>R\u00e9ussir d\u00e9pend des circonstances qui r\u00e9gissent la comp\u00e9tition expliquent les porte-voix thurif\u00e9raires. Ce qui signifie en clair, que les moins favoris\u00e9s dans la soci\u00e9t\u00e9 doivent accepter de constituer le pot de terre contre les favoris\u00e9s, pot de fer au moment du choix alors qu\u2019ils \u00e9taient loin de l\u2019\u00eatre au d\u00e9part.<\/p>\n<p>Cette perversit\u00e9 du temps exacerbe la concurrence sociale que l\u2019on veut att\u00e9nuer par cette logorrh\u00e9e sur l\u2019invention de l\u2019\u00e9galit\u00e9 des chances. Couleuvre \u00e0 faire avaler pour faire accepter une in\u00e9galit\u00e9 injuste et discriminatoire.<\/p>\n<p>Qu\u2019en est-il au fait de cette pr\u00e9tendue \u00e9galit\u00e9 des chances\u00a0?<\/p>\n<p>D\u00e8s le d\u00e9part, on ne choisit pas ses parents ni le lieu et les conditions de sa naissance. De prime abord, cette in\u00e9galit\u00e9 sociale r\u00e9git d\u00e9j\u00e0 celles qui vont suivre en cons\u00e9quence, de la petite enfance \u00e0 l\u2019\u00e2ge adulte. S\u2019ajoute \u00e0 cela, les \u00e9carts inh\u00e9rents aux in\u00e9galit\u00e9s spatiales, d\u2019un quartier \u00e1 l\u2019autre, entre les villes et les campagnes et au niveau de l\u2019ensemble du territoire national\u00a0; ils vont approfondir la diff\u00e9rence reconnue et que les politiques publiques sont cens\u00e9es amoindrir depuis l\u2019ind\u00e9pendance de la nation.<\/p>\n<p>Si certains \u00e9l\u00e9ments arrivent \u00e0 percer par la force du poignet, Ils constitueront l\u2019arbre qui cache la for\u00eat constitu\u00e9e par celles et ceux qui n\u2019ont pas r\u00e9ussi. A ce propos, un \u00e9dile averti vient de s\u2019interroger sur les r\u00e9sultats du baccalaur\u00e9at, non pas par rapport au nombre des candidat(e)s mais en les ramenant au nombre des enfants scolaris\u00e9s au d\u00e9part. Ainsi selon cette observation\u00a0; sur les 3\u00a0900\u00a0000 scolaris\u00e9s dans l\u2019enseignement primaire en 2007, 287\u00a0000 ont r\u00e9ussi au baccalaur\u00e9at en 2019. Il reste 3\u00a0613 000 qui n\u2019ont pas eu la chance de r\u00e9ussir \u00e0 ce verrou napol\u00e9onien plus ou moins revisit\u00e9.\u00a0 Il est juste de s\u2019interroger et d\u2019interpeller sur ce qu\u2019il est advenu du dixi\u00e8me de notre population\u00a0; des jeunes de surplus.<\/p>\n<p>Pour les laur\u00e9ats, l\u2019\u00e9galit\u00e9 des chances ne se manifestera aucunement. D\u2019aucuns iront vers les \u00e9tablissements a acc\u00e8s ouvert (enseignement sup\u00e9rieur de masse) \u00e0 moins de pouvoir se booster, par quelques milliers de dirhams mensuels, pour concurrencer les autres qui, par leur seul m\u00e9rite, auront la possibilit\u00e9 de suivre des cursus \u00e0 employabilit\u00e9 relativement assur\u00e9e.<\/p>\n<p>Faut-il rappeler que tout ce beau monde et ses parents contribuent au budget de l\u2019\u00e9tat par l\u2019imp\u00f4t, qu\u2019il soit direct ou indirect, et autre taxes. Le gouvernement ne fait pas acte de charit\u00e9 publique en assurant le financement des \u00e9tablissements de l\u2019enseignement et de la formation. Il ne fait que r\u00e9pondre, et \u00e0 sa mani\u00e8re, \u00e0 ses obligations constitutionnelles. Ne vient-on pas d\u2019annoncer \u00e0 l\u2019opinion nationale que l\u2019\u00e9quit\u00e9 fiscale reste encore un v\u0153u. Alors un peu de pudeur sur la question fondamentale \u00ab A qui profite l\u2019imp\u00f4t\u00a0?\u00bb.<\/p>\n<p>La politique sociale n\u00e9cessite une redistribution \u00e9quitable des richesses produites autant qu\u2019un effort partag\u00e9 dans la solidarit\u00e9 et le patriotisme \u00e9conomique, loin de l\u2019enrichissement sp\u00e9culateur et la fraude illicite. C\u2019est alors des positions sociales qui pourraient permettre \u00e0 tout un chacun de devenir un comp\u00e9titeur \u00e9gal aux autres pour le d\u00e9veloppement des forces productives n\u00e9cessaires, le rel\u00e8vement des ressources humaines et l\u2019\u00e9galit\u00e9 des chances pour tous.<\/p>\n<p>Reste l\u2019argutie de la loi adopt\u00e9e sur l\u2019initiative priv\u00e9e dans le domaine de l\u2019enseignement. L\u2019approche partenariale a tard\u00e9e \u00e0 se mettre en place mais rien n\u2019emp\u00eache \u00ab\u00a0\u00e0 faire b\u00e9n\u00e9ficier le secteur public des capacit\u00e9s d\u2019innovation et de financement du secteur priv\u00e9 \u2026 d\u2019asseoir notamment les jalons d\u2019une bonne \u00a0gouvernance publique et d\u2019une culture de la gestion de la chose publique ax\u00e9e sur les r\u00e9sultats et bas\u00e9e sur l\u2019\u00e9valuation des besoins, l\u2019analyse des performances, la reddition des comptes, le contr\u00f4le et l\u2019\u00e9valuation.\u00a0\u00bb Il n\u2019est pas dit que le secteur priv\u00e9 devra vivre sur le corps du public et le parasiter au sens biologique du terme. Notre \u00ab\u00a0eligerocratie\u00a0\u00bb somnolente devra apprendre \u00e0 s\u2019activer pour renforcer l\u2019action de la r\u00e9forme au b\u00e9n\u00e9fice du plus grand nombre de la population et non se soumettre aux dictats des diff\u00e9rents lobbies.<\/p>\n<p>Enfin\u00a0; de part et d\u2019autre, il faut savoir g\u00e9rer un mouvement social. Langue fourchue ne crache que du venin que certains n\u2019h\u00e9sitent pas \u00e0 r\u00e9pandre. Cela empoisonne la bonne volont\u00e9 et an\u00e9antit les vertus du dialogue.<\/p>\n<p>&nbsp;<\/p>\n","protected":false},"excerpt":{"rendered":"<p>Par Mustapha LABRAIMI Le m\u00e9rite serait-il une fiction et l\u2019argent une r\u00e9alit\u00e9\u00a0? C\u2019est ce qui semble commander les discours biais\u00e9s des uns et des autres sur l\u2019\u00e9galit\u00e9 des chances dans notre soci\u00e9t\u00e9 fondamentalement in\u00e9galitaire. S\u2019acharner \u00e0 r\u00e9ussir par le s\u00e9rieux, l\u2019effort et le travail n\u2019a jamais \u00e9t\u00e9 garanti dans notre beau pays o\u00f9 la diff\u00e9renciation [&hellip;]<\/p>\n","protected":false},"author":1,"featured_media":5897,"comment_status":"open","ping_status":"open","sticky":false,"template":"","format":"standard","meta":{"footnotes":""},"categories":[18],"tags":[],"class_list":["post-7841","post","type-post","status-publish","format-standard","has-post-thumbnail","hentry","category-point-de-vue"],"_links":{"self":[{"href":"https:\/\/pps.ma\/fr\/wp-json\/wp\/v2\/posts\/7841","targetHints":{"allow":["GET"]}}],"collection":[{"href":"https:\/\/pps.ma\/fr\/wp-json\/wp\/v2\/posts"}],"about":[{"href":"https:\/\/pps.ma\/fr\/wp-json\/wp\/v2\/types\/post"}],"author":[{"embeddable":true,"href":"https:\/\/pps.ma\/fr\/wp-json\/wp\/v2\/users\/1"}],"replies":[{"embeddable":true,"href":"https:\/\/pps.ma\/fr\/wp-json\/wp\/v2\/comments?post=7841"}],"version-history":[{"count":1,"href":"https:\/\/pps.ma\/fr\/wp-json\/wp\/v2\/posts\/7841\/revisions"}],"predecessor-version":[{"id":7842,"href":"https:\/\/pps.ma\/fr\/wp-json\/wp\/v2\/posts\/7841\/revisions\/7842"}],"wp:featuredmedia":[{"embeddable":true,"href":"https:\/\/pps.ma\/fr\/wp-json\/wp\/v2\/media\/5897"}],"wp:attachment":[{"href":"https:\/\/pps.ma\/fr\/wp-json\/wp\/v2\/media?parent=7841"}],"wp:term":[{"taxonomy":"category","embeddable":true,"href":"https:\/\/pps.ma\/fr\/wp-json\/wp\/v2\/categories?post=7841"},{"taxonomy":"post_tag","embeddable":true,"href":"https:\/\/pps.ma\/fr\/wp-json\/wp\/v2\/tags?post=7841"}],"curies":[{"name":"wp","href":"https:\/\/api.w.org\/{rel}","templated":true}]}}