{"id":7850,"date":"2019-07-10T12:30:24","date_gmt":"2019-07-10T12:30:24","guid":{"rendered":"http:\/\/ppsmaroc.com\/fr\/?p=7850"},"modified":"2019-07-10T12:30:24","modified_gmt":"2019-07-10T12:30:24","slug":"le-retour-estival","status":"publish","type":"post","link":"https:\/\/pps.ma\/fr\/7850\/","title":{"rendered":"Le retour estival"},"content":{"rendered":"<p><img loading=\"lazy\" decoding=\"async\" class=\"aligncenter size-full wp-image-7337\" src=\"http:\/\/ppsmaroc.com\/fr\/wp-content\/uploads\/2017\/11\/Abdeslam-Seddiki.png\" alt=\"\" width=\"669\" height=\"447\" srcset=\"https:\/\/pps.ma\/fr\/wp-content\/uploads\/2017\/11\/Abdeslam-Seddiki.png 669w, https:\/\/pps.ma\/fr\/wp-content\/uploads\/2017\/11\/Abdeslam-Seddiki-300x200.png 300w, https:\/\/pps.ma\/fr\/wp-content\/uploads\/2017\/11\/Abdeslam-Seddiki-90x60.png 90w, https:\/\/pps.ma\/fr\/wp-content\/uploads\/2017\/11\/Abdeslam-Seddiki-180x120.png 180w, https:\/\/pps.ma\/fr\/wp-content\/uploads\/2017\/11\/Abdeslam-Seddiki-95x64.png 95w\" sizes=\"auto, (max-width: 669px) 100vw, 669px\" \/><\/p>\n<p><span style=\"color: #3366ff;\"><b>Par\u00a0 Seddiki Abdeslam<\/b><\/span><\/p>\n<p><span style=\"font-weight: 400;\">C\u2019est bien la p\u00e9riode du retour massif au pays de nos concitoyens r\u00e9sidents \u00e0 l\u2019\u00e9tranger. Chaque ann\u00e9e, en cette p\u00e9riode de vacances, ce sont des millions de Marocains install\u00e9s dans les cinq continents du Globe, avec une majorit\u00e9 dans les pays europ\u00e9ens, qui prennent le chemin vers le Maroc, leur pays d\u2019origine. Un voyage charg\u00e9 de symboles\u00a0: retour aux origines,\u00a0 retrouvailles familiales, recherche de la \u00ab\u00a0chaleur humaine\u00a0\u00bb, bref se sentir chez soi. C\u2019est aussi une occasion de constater de visu le chemin parcouru par le pays en relevant les progr\u00e8s r\u00e9alis\u00e9s et les d\u00e9ficits \u00e0 combler. Ce retour des \u00ab\u00a0Marocains du Monde\u00a0\u00bb n\u2019a rien \u00e0 voir avec le tourisme classique. C\u2019est \u00e0 tort, d\u2019ailleurs, que certaines statistiques les confondent. Ce sont\u00a0 pourtant deux dynamiques diff\u00e9rentes.<\/span><\/p>\n<p><span style=\"font-weight: 400;\">Quand on parle de Marocains du monde, on parle d\u2019une population \u00e9valu\u00e9e \u00e0 pr\u00e8s de 5 millions de personnes, soit pr\u00e8s de 14 % de la population totale du pays.\u00a0 On connait aujourd\u2019hui, gr\u00e2ce aux diff\u00e9rentes \u00e9tudes r\u00e9alis\u00e9es soit par des chercheurs soit par des institutionnels, les caract\u00e9ristiques fondamentales de cette population en termes de structure d\u00e9mographique, de statut socio-professionnel, d\u2019engagement citoyen et politique dans les pays d\u2019accueil, de participation dans les efforts de d\u00e9veloppement dans le pays d\u2019origine.\u00a0 Mentionnons tout particuli\u00e8rement, outre les \u00e9tudes effectu\u00e9es par le Minist\u00e8re charg\u00e9 des Marocains r\u00e9sidents \u00e0 l\u2019\u00e9tranger, la s\u00e9rie quadriennale publi\u00e9e par la Fondation Hassan II pour les MRE, s\u00e9rie intitul\u00e9e \u00ab\u00a0Marocains de l\u2019Ext\u00e9rieur\u00a0\u00bb et dont la derni\u00e8re \u00e9dition date de 2017. Cette publication de plus de 700 pages comporte une masse de donn\u00e9es qui normalement, devraient servir d\u2019aiguillon\u00a0 aux d\u00e9cideurs pour \u00e9laborer des politiques publiques appropri\u00e9es en faveur de la population concern\u00e9e. Osons esp\u00e9rer que c\u2019est bien le cas\u00a0!<\/span><\/p>\n<p><span style=\"font-weight: 400;\">Ainsi, on rel\u00e8ve que les Marocains du Monde repr\u00e9sentent une grande h\u00e9t\u00e9rog\u00e9n\u00e9it\u00e9\u00a0: diff\u00e9rence entre diff\u00e9rentes g\u00e9n\u00e9rations \u00a0; diff\u00e9rence selon les pays d\u2019accueil (les Marocains\u00a0 r\u00e9sidents dans les pays du Golfe vivent dans des conditions tout \u00e0 fait diff\u00e9rentes de ceux qui r\u00e9sident dans les pays de l\u2019OCDE)\u00a0; diversit\u00e9 des profils socio-\u00e9conomiques allant du statut d\u2019ouvrier \u00e0 celui d\u2019employ\u00e9 dans les services,\u00a0 au commer\u00e7ant, \u00e0 l\u2019entrepreneur, au travailleur scientifique\u2026L\u2019image d\u2019\u00e9migr\u00e9 marocain qui travaille comme ouvrier de chantier dans le b\u00e2timent ou dans les exploitations agricoles fait d\u00e9sormais partie du pass\u00e9.\u00a0<\/span><\/p>\n<p><span style=\"font-weight: 400;\">On rel\u00e8ve aussi, que la population marocaine \u00e9migr\u00e9e est en voie de vieillissement. A titre d\u2019exemple,\u00a0 en France un quart des immigr\u00e9s marocains ont aujourd\u2019hui plus de 55 ans et 65.000 ont plus de 65 ans. \u00ab\u00a0Apr\u00e8s une vie structur\u00e9e, voire justifi\u00e9e par le travail, ces personnes, doivent r\u00e9inventer un mode de vie et une raison d\u2019\u00eatre avec une grande ind\u00e9cision relative \u00e0 la question du retour\u00a0\u00bb (publication de la Fondation Hasan II).\u00a0<\/span><\/p>\n<p><span style=\"font-weight: 400;\">On rel\u00e8ve enfin, une f\u00e9minisation croissante de l\u2019\u00e9migration. Il ne s\u2019agit pas uniquement de l\u2019\u00e9pouse qui rejoint son mari dans le cadre du regroupement familial, mais plut\u00f4t d\u2019une femme qui fait le choix de l\u2019\u00e9migration en toute ind\u00e9pendance, d\u2019une femme libre pour ainsi dire. Ce qui est un signe de l\u2019autonomisation\u00a0 de la femme marocaine, ph\u00e9nom\u00e8ne de plus en plus visible dans la soci\u00e9t\u00e9. Tendance qui ira crescendo \u00e0 l\u2019avenir.<\/span><\/p>\n<p><span style=\"font-weight: 400;\">Pour g\u00e9rer une telle situation marqu\u00e9e par autant de contrastes et de diff\u00e9renciations, le Maroc a mis en place un ensemble d\u2019instituions dont notamment\u00a0: un Minist\u00e8re d\u00e9di\u00e9, renforcement de la repr\u00e9sentation diplomatique dans les pays d\u2019accueil,\u00a0 Fondation Hassan II, Fondation Mohamed V, <\/span><span style=\"font-weight: 400;\">\u00a0<\/span><span style=\"font-weight: 400;\">\u00a0CCME,\u00a0 partenariat avec des associations actives dans le domaine de la migration&#8230; Les r\u00e9sultats sont palpables. On les voit \u00e0 plusieurs niveaux\u00a0: am\u00e9lioration des conditions d\u2019accueil avec un accompagnement tout au long du voyage,\u00a0 un guichet sp\u00e9cial r\u00e9serv\u00e9 aux RME dans les administrations publiques, un encadrement culturel et religieux ad\u00e9quat dans les pays d\u2019accueil\u2026<\/span><\/p>\n<p><span style=\"font-weight: 400;\">\u00a0Mais nos concitoyens, dont l\u2019attachement \u00e0 la m\u00e8re patrie n\u2019est plus \u00e0 d\u00e9montrer, sont en droit d\u2019exiger plus. S\u2019ils n\u2019ont plus le sentiment d\u2019\u00eatre trait\u00e9s comme une simple machine \u00e0 produire des devises, ils aspirent n\u00e9anmoins \u00e0\u00a0 jouir pleinement des droits que leur conf\u00e8re la Constitution. A cet \u00e9gard, il est temps de r\u00e9soudre cette \u00e9quation de la participation politique en leur octroyant le droit de se faire repr\u00e9senter au parlement en application des dispositions de la constitution qui stipule dans son article 17\u00a0: \u00ab\u00a0Les Marocains r\u00e9sidant \u00e0 l&rsquo;\u00e9tranger jouissent des droits de pleine citoyennet\u00e9, y compris le droit d&rsquo;\u00eatre \u00e9lecteurs et \u00e9ligibles. Ils peuvent se porter candidats aux \u00e9lections au niveau des listes et des circonscriptions \u00e9lectorales locales, r\u00e9gionales et nationales. La loi fixe les crit\u00e8res sp\u00e9cifiques d&rsquo;\u00e9ligibilit\u00e9 et d&rsquo;incompatibilit\u00e9. Elle d\u00e9termine, de m\u00eame, les conditions et les modalit\u00e9s de l&rsquo;exercice effectif du droit de vote et de candidature \u00e0 partir des pays de r\u00e9sidence\u00a0\u00bb.<\/span><\/p>\n<p><span style=\"font-weight: 400;\">Un d\u00e9bat national autour de cette probl\u00e9matique,\u00a0 avec la participation des RME, ne serait pas superflu. Il permettra, \u00e0 coup s\u00fbr, de lever les malentendus et\u00a0 d\u00e9boucher sur une issue consensuelle loin de toute surench\u00e8re politique. En la mati\u00e8re, plus que dans tout autre domaine, c\u2019est l\u2019int\u00e9r\u00eat supr\u00eame de la nation qui doit absolument pr\u00e9valoir.<\/span><\/p>\n<p><strong><span style=\"color: #3366ff;\">Al Bayane, mercredi 10 juillet 2019<\/span><\/strong><\/p>\n","protected":false},"excerpt":{"rendered":"<p>Par\u00a0 Seddiki Abdeslam C\u2019est bien la p\u00e9riode du retour massif au pays de nos concitoyens r\u00e9sidents \u00e0 l\u2019\u00e9tranger. Chaque ann\u00e9e, en cette p\u00e9riode de vacances, ce sont des millions de Marocains install\u00e9s dans les cinq continents du Globe, avec une majorit\u00e9 dans les pays europ\u00e9ens, qui prennent le chemin vers le Maroc, leur pays d\u2019origine. [&hellip;]<\/p>\n","protected":false},"author":1,"featured_media":7337,"comment_status":"open","ping_status":"open","sticky":false,"template":"","format":"standard","meta":{"footnotes":""},"categories":[18],"tags":[],"class_list":["post-7850","post","type-post","status-publish","format-standard","has-post-thumbnail","hentry","category-point-de-vue"],"_links":{"self":[{"href":"https:\/\/pps.ma\/fr\/wp-json\/wp\/v2\/posts\/7850","targetHints":{"allow":["GET"]}}],"collection":[{"href":"https:\/\/pps.ma\/fr\/wp-json\/wp\/v2\/posts"}],"about":[{"href":"https:\/\/pps.ma\/fr\/wp-json\/wp\/v2\/types\/post"}],"author":[{"embeddable":true,"href":"https:\/\/pps.ma\/fr\/wp-json\/wp\/v2\/users\/1"}],"replies":[{"embeddable":true,"href":"https:\/\/pps.ma\/fr\/wp-json\/wp\/v2\/comments?post=7850"}],"version-history":[{"count":1,"href":"https:\/\/pps.ma\/fr\/wp-json\/wp\/v2\/posts\/7850\/revisions"}],"predecessor-version":[{"id":7851,"href":"https:\/\/pps.ma\/fr\/wp-json\/wp\/v2\/posts\/7850\/revisions\/7851"}],"wp:featuredmedia":[{"embeddable":true,"href":"https:\/\/pps.ma\/fr\/wp-json\/wp\/v2\/media\/7337"}],"wp:attachment":[{"href":"https:\/\/pps.ma\/fr\/wp-json\/wp\/v2\/media?parent=7850"}],"wp:term":[{"taxonomy":"category","embeddable":true,"href":"https:\/\/pps.ma\/fr\/wp-json\/wp\/v2\/categories?post=7850"},{"taxonomy":"post_tag","embeddable":true,"href":"https:\/\/pps.ma\/fr\/wp-json\/wp\/v2\/tags?post=7850"}],"curies":[{"name":"wp","href":"https:\/\/api.w.org\/{rel}","templated":true}]}}