{"id":7867,"date":"2019-08-19T16:25:59","date_gmt":"2019-08-19T16:25:59","guid":{"rendered":"http:\/\/ppsmaroc.com\/fr\/?p=7867"},"modified":"2019-08-19T16:25:59","modified_gmt":"2019-08-19T16:25:59","slug":"jeunesse-et-espoir","status":"publish","type":"post","link":"https:\/\/pps.ma\/fr\/7867\/","title":{"rendered":"\u00a0Jeunesse et espoir"},"content":{"rendered":"<p><img loading=\"lazy\" decoding=\"async\" class=\"aligncenter size-full wp-image-7666\" src=\"http:\/\/ppsmaroc.com\/fr\/wp-content\/uploads\/2018\/11\/Seddiki-Abdeslam.jpg\" alt=\"\" width=\"508\" height=\"312\" srcset=\"https:\/\/pps.ma\/fr\/wp-content\/uploads\/2018\/11\/Seddiki-Abdeslam.jpg 508w, https:\/\/pps.ma\/fr\/wp-content\/uploads\/2018\/11\/Seddiki-Abdeslam-300x184.jpg 300w\" sizes=\"auto, (max-width: 508px) 100vw, 508px\" \/><\/p>\n<p><span style=\"color: #3366ff;\"><b>Par Abdeslam Seddiki<\/b><\/span><\/p>\n<p><span style=\"font-weight: 400;\">La jeunesse constitue un potentiel consid\u00e9rable pour le d\u00e9veloppement d\u2019un pays, \u00e0 condition de se doter d\u2019une politique ambitieuse en sa faveur.\u00a0 Le Maroc fait partie des pays disposant d\u2019une pyramide des \u00e2ges marqu\u00e9e par l\u2019importance des jeunes qui repr\u00e9sentent pratiquement la moiti\u00e9 de la population globale du pays. C\u2019est une opportunit\u00e9 de taille dont on ne mesure pas assez les bienfaits pour l\u2019avenir du pays. Tout investissement dans la jeunesse en mati\u00e8re de formation, d\u2019inclusion\u00a0 et de mise \u00e0 niveau est une pr\u00e9paration pour l\u2019avenir et une assurance contre les al\u00e9as du futur.\u00a0<\/span><\/p>\n<p><span style=\"font-weight: 400;\">C\u2019est dans ce sens qu\u2019il faut saluer comme il se doit l\u2019existence au Maroc d\u2019un gouvernement\u00a0 parall\u00e8le des jeunes (GPJ) qui regroupe des comp\u00e9tences av\u00e9r\u00e9es dans plusieurs domaines. En effet, le Maroc fait partie des rares pays \u00e0 disposer\u00a0 d\u2019une telle structure. Le GPJ, qui est \u00e0 sa troisi\u00e8me \u00e9dition, \u00e9mane d\u2019une initiative, consid\u00e9r\u00e9e par ses fondateurs de citoyenne et constitue une mise en \u0153uvre des dispositions constitutionnelles qui donnent une place centrale \u00e0 la jeunesse en mati\u00e8re de participation \u00e0 l\u2019\u00e9laboration des politiques publiques et de contr\u00f4le de l\u2019action gouvernementale.\u00a0 Il s\u2019est donn\u00e9 une charte de valeurs ax\u00e9es sur la d\u00e9mocratie et la bonne gouvernance, la justice, la libert\u00e9 et l\u2019engagement, la transparence et l\u2019int\u00e9grit\u00e9, la solidarit\u00e9 et la coop\u00e9ration, l\u2019universalit\u00e9 des droits de l\u2019homme.<\/span><\/p>\n<p><span style=\"font-weight: 400;\">Ce troisi\u00e8me gouvernement des jeunes a pr\u00e9sent\u00e9\u00a0 r\u00e9cemment devant la presse vingt \u00a0\u00ab\u00a0 propositions pour sortir de la crise\u00a0\u00bb.\u00a0 La symbolique du chiffre vingt coule de source\u00a0: elle renvoie aux vingt ann\u00e9es de r\u00e8gne du Roi. Rappelons-les avant de les discuter. Il s\u2019agit de\u00a0: cr\u00e9er un minist\u00e8re de l\u2019espoir avec une r\u00e9duction du nombre des Ministres\u00a0;\u00a0 cr\u00e9er un fonds public de soutien aux associations\u00a0; appeler les partis politiques \u00e0 cr\u00e9er en leur sein des gouvernements parall\u00e8les (l\u2019\u00e9quivalent du shadow government \u00e0 l\u2019anglaise)\u00a0; amender la loi organique portant sur les modes de d\u00e9signation aux postes de responsabilit\u00e9\u00a0; publier une loi-cadre sur la jeunesse\u00a0; r\u00e9duire le quorum n\u00e9cessaire \u00e0 la pr\u00e9sentation des motions et p\u00e9titions publiques\u00a0; amender l\u2019article 24 de la loi sur les partis politiques afin de consacrer la moiti\u00e9 des si\u00e8ges dans les instances dirigeantes aux jeunes\u00a0;\u00a0 instaurer une contribution de l\u2019entreprise \u00e0 l\u2019\u00e9conomie du savoir \u00e0 hauteur de 1% de ses avoirs nets\u00a0; cr\u00e9er une instance nationale charg\u00e9e de proposer un prix de r\u00e9f\u00e9rence des hydrocarbures\u00a0; acc\u00e9l\u00e9rer la politique de la transition \u00e9nerg\u00e9tique\u00a0; cr\u00e9er un Conseil National des affaires africaines et diplomatiques\u00a0; cr\u00e9er un imp\u00f4t sur les pollueurs en appliquant le principe pollueur-payeur\u00a0; mettre en place une plateforme \u00e9lectronique d\u00e9di\u00e9e \u00e0 l\u2019orientation \u00e9ducative\u00a0; cr\u00e9er une chaine tv publique r\u00e9serv\u00e9e \u00e0 la jeunesse\u00a0; promulguer une loi relative aux r\u00e9gions montagnardes et aux campagnes\u00a0; r\u00e9viser le syst\u00e8me \u00e9lectoral\u00a0 avec l\u2019instauration de listes nationales, r\u00e9gionales, provinciales et locales r\u00e9serv\u00e9es aux comp\u00e9tences et aux cadres et ce \u00e0 hauteur du tiers des si\u00e8ges \u00e0 pourvoir\u00a0; amender la loi 14-99 relative \u00e0 l\u2019urbanisme\u00a0; recentrer les agences urbaines sur les r\u00e9gions avec la cr\u00e9ation d\u2019un plan r\u00e9gional de l\u2019investissement\u00a0; industrialiser l\u2019agriculture en incitant les producteurs \u00e0 transformer leurs produits , ce qui va g\u00e9n\u00e9rer 450\u00a0000 emplois directs.<\/span><\/p>\n<p><span style=\"font-weight: 400;\">Telles sont les 20 mesures sur lesquelles table le GPJ pour sortir le pays de la crise. Initiative louable m\u00eame si les mesures pr\u00e9conis\u00e9es\u00a0 pr\u00eatent le flanc \u00e0 plusieurs limites. La premi\u00e8re observation porte sur la m\u00e9thodologie suivie\u00a0: les 20 mesures sont pr\u00e9sent\u00e9es en vrac et dans le d\u00e9sordre alors qu\u2019elles auraient d\u00fb \u00eatre s\u00e9ri\u00e9es en fonction des domaines d\u2019int\u00e9r\u00eat. Telles qu\u2019elles ont pr\u00e9sent\u00e9es, elles se pr\u00eatent mal \u00e0 une lecture analytique.\u00a0<\/span><\/p>\n<p><span style=\"font-weight: 400;\">\u00a0La deuxi\u00e8me observation concerne le fond du sujet\u00a0: la probl\u00e9matique pos\u00e9e consiste \u00e0 faire des propositions\u00a0 de sortie de crise. Avouons que le titre rel\u00e8ve plus d\u2019un fait d\u2019annonce. A la lecture des recommandations, le lecteur\u00a0 restera sur sa soif. On ne trouve pas de pistes conduisant vers la sortie de crise. D\u2019ailleurs, les r\u00e9dacteurs du document n\u2019ont pas pris le soin de pr\u00e9ciser la nature de la crise dont il est question pour savoir de quoi on parle. On a l\u2019impression\u00a0 que le document apporte des r\u00e9ponses \u00e0 des questions non pos\u00e9es. Ce qui constitue un biais m\u00e9thodologique de taille.<\/span><\/p>\n<p><span style=\"font-weight: 400;\">\u00a0La troisi\u00e8me et derni\u00e8re observation porte sur la pertinence de certaines propositions. Ainsi, on ne voit pas la n\u00e9cessit\u00e9 de cr\u00e9ation d\u2019un \u00ab\u00a0Minist\u00e8re de l\u2019Espoir\u00a0\u00bb tant que le pays a plus besoin d\u2019un \u00ab\u00a0gouvernement de l\u2019espoir\u00a0\u00bb. Tout comme la cr\u00e9ation\u00a0 d\u2019une chaine tv d\u00e9di\u00e9e \u00e0 la jeunesse. Les probl\u00e8mes de la jeunesse doivent \u00eatre trait\u00e9s en liaison avec les probl\u00e8mes de la soci\u00e9t\u00e9, ce qui n\u00e9cessite d\u2019accorder plus de place dans nos chaines publiques (et priv\u00e9es) aux probl\u00e8mes soci\u00e9taux et aux pr\u00e9occupations de la population avec en premier lieu celles de la jeunesse.<\/span><\/p>\n<p><span style=\"font-weight: 400;\">Ceci \u00e9tant, on ne va pas jusqu\u2019\u00e0\u00a0 jeter le b\u00e9b\u00e9 avec l\u2019eau de bain. Les propositions du GPJ ont le m\u00e9rite d\u2019exister et c\u2019est \u00e0 l\u2019honneur de nos jeunes Ministres anim\u00e9s par une volont\u00e9 r\u00e9elle de servir leur pays et de contribuer, chemin faisant, \u00e0 l\u2019effort de r\u00e9flexion sur\u00a0 notre avenir proche et lointain. Qui plus est, le GPJ offre une alternative cr\u00e9dible \u00e0 notre jeunesse en perte de rep\u00e8res et ne sait plus \u00e0 quel Saint se vouer\u00a0: l\u2019alternative r\u00e9side dans l\u2019engagement citoyen et la mise en synergie des efforts individuels. On ne doit pas se croiser les bras en attendant le messie. Nous sommes tous appel\u00e9s \u00e0 prendre nos responsabilit\u00e9s en mettant la main \u00e0 la p\u00e2te. Nos jeunes Ministres s\u2019y attellent avec d\u00e9termination et engagement.<\/span><\/p>\n<p><span style=\"font-weight: 400;\">\u00a0<span style=\"color: #3366ff;\">Al Bayane, mardi 20 aout 2019<\/span><\/span><\/p>\n","protected":false},"excerpt":{"rendered":"<p>Par Abdeslam Seddiki La jeunesse constitue un potentiel consid\u00e9rable pour le d\u00e9veloppement d\u2019un pays, \u00e0 condition de se doter d\u2019une politique ambitieuse en sa faveur.\u00a0 Le Maroc fait partie des pays disposant d\u2019une pyramide des \u00e2ges marqu\u00e9e par l\u2019importance des jeunes qui repr\u00e9sentent pratiquement la moiti\u00e9 de la population globale du pays. C\u2019est une opportunit\u00e9 [&hellip;]<\/p>\n","protected":false},"author":1,"featured_media":7666,"comment_status":"open","ping_status":"open","sticky":false,"template":"","format":"standard","meta":{"footnotes":""},"categories":[18],"tags":[],"class_list":["post-7867","post","type-post","status-publish","format-standard","has-post-thumbnail","hentry","category-point-de-vue"],"_links":{"self":[{"href":"https:\/\/pps.ma\/fr\/wp-json\/wp\/v2\/posts\/7867","targetHints":{"allow":["GET"]}}],"collection":[{"href":"https:\/\/pps.ma\/fr\/wp-json\/wp\/v2\/posts"}],"about":[{"href":"https:\/\/pps.ma\/fr\/wp-json\/wp\/v2\/types\/post"}],"author":[{"embeddable":true,"href":"https:\/\/pps.ma\/fr\/wp-json\/wp\/v2\/users\/1"}],"replies":[{"embeddable":true,"href":"https:\/\/pps.ma\/fr\/wp-json\/wp\/v2\/comments?post=7867"}],"version-history":[{"count":1,"href":"https:\/\/pps.ma\/fr\/wp-json\/wp\/v2\/posts\/7867\/revisions"}],"predecessor-version":[{"id":7868,"href":"https:\/\/pps.ma\/fr\/wp-json\/wp\/v2\/posts\/7867\/revisions\/7868"}],"wp:featuredmedia":[{"embeddable":true,"href":"https:\/\/pps.ma\/fr\/wp-json\/wp\/v2\/media\/7666"}],"wp:attachment":[{"href":"https:\/\/pps.ma\/fr\/wp-json\/wp\/v2\/media?parent=7867"}],"wp:term":[{"taxonomy":"category","embeddable":true,"href":"https:\/\/pps.ma\/fr\/wp-json\/wp\/v2\/categories?post=7867"},{"taxonomy":"post_tag","embeddable":true,"href":"https:\/\/pps.ma\/fr\/wp-json\/wp\/v2\/tags?post=7867"}],"curies":[{"name":"wp","href":"https:\/\/api.w.org\/{rel}","templated":true}]}}