{"id":7872,"date":"2019-09-03T14:58:37","date_gmt":"2019-09-03T14:58:37","guid":{"rendered":"http:\/\/ppsmaroc.com\/fr\/?p=7872"},"modified":"2019-09-03T14:58:37","modified_gmt":"2019-09-03T14:58:37","slug":"ou-sont-les-classes-moyennes","status":"publish","type":"post","link":"https:\/\/pps.ma\/fr\/7872\/","title":{"rendered":"O\u00f9 sont les \u00ab\u00a0classes moyennes\u00a0\u00bb ?"},"content":{"rendered":"<p><img loading=\"lazy\" decoding=\"async\" class=\"aligncenter size-full wp-image-7337\" src=\"http:\/\/ppsmaroc.com\/fr\/wp-content\/uploads\/2017\/11\/Abdeslam-Seddiki.png\" alt=\"\" width=\"669\" height=\"447\" srcset=\"https:\/\/pps.ma\/fr\/wp-content\/uploads\/2017\/11\/Abdeslam-Seddiki.png 669w, https:\/\/pps.ma\/fr\/wp-content\/uploads\/2017\/11\/Abdeslam-Seddiki-300x200.png 300w, https:\/\/pps.ma\/fr\/wp-content\/uploads\/2017\/11\/Abdeslam-Seddiki-90x60.png 90w, https:\/\/pps.ma\/fr\/wp-content\/uploads\/2017\/11\/Abdeslam-Seddiki-180x120.png 180w, https:\/\/pps.ma\/fr\/wp-content\/uploads\/2017\/11\/Abdeslam-Seddiki-95x64.png 95w\" sizes=\"auto, (max-width: 669px) 100vw, 669px\" \/><\/p>\n<p><span style=\"color: #3366ff;\"><b>Par Abdeslam Seddiki<\/b><\/span><\/p>\n<p><span style=\"font-weight: 400;\">S\u2019il y a une r\u00e9alit\u00e9 difficile \u00e0 d\u00e9finir et \u00e0 cerner avec pr\u00e9cision c\u2019est bien celle que l\u2019on appelle, par d\u00e9faut, \u00ab\u00a0classes moyennes\u00a0\u00bb. Tant\u00f4t on\u00a0 parle de classe moyenne au singulier, tant\u00f4t on en parle au pluriel. Dans tous les cas, le concept de \u00ab\u00a0classe sociale\u00a0\u00bb ne nous semble pas appropri\u00e9 pour d\u00e9signer cette cat\u00e9gorie de la population et ce, pour diff\u00e9rentes raisons\u00a0: d\u2019abord une classe sociale se caract\u00e9rise g\u00e9n\u00e9ralement par son homog\u00e9n\u00e9it\u00e9 relative, ce qui n\u2019est pas le cas des \u00ab\u00a0classes moyennes\u00a0\u00bb qui\u00a0 comprennent des cat\u00e9gories relevant de diff\u00e9rents profils socio-professionnels\u00a0; ensuite, une classe sociale se reconnait par le syst\u00e8me de valeurs qu\u2019elle porte. Ces valeurs peuvent \u00eatre progressistes ou conservatrices, r\u00e9volutionnaires ou r\u00e9actionnaires\u00a0; enfin, une classe sociale se caract\u00e9rise g\u00e9n\u00e9ralement par une certaine stabilit\u00e9 au niveau de sa reproduction. On estime g\u00e9n\u00e9ralement que 70% des fils d\u2019ouvriers deviennent ouvriers et 70% des fils de bourgeois deviennent bourgeois. Au niveau des couches moyennes, on remarque au contraire une forte mobilit\u00e9 intra et interg\u00e9n\u00e9rationnelle.\u00a0<\/span><\/p>\n<p><span style=\"font-weight: 400;\">Afin de d\u00e9passer ces consid\u00e9rations conceptuelles dans la d\u00e9finition de la classe moyenne \u00e0 partir de ces crit\u00e8res qualitatifs, on a recours \u00e0 l\u2019indicateur mon\u00e9taire qui r\u00e9side dans le revenu. Ainsi, les couches moyennes de la population seraient celles qui se situent entre les pauvres et les riches. Elles jouent le r\u00f4le tampon entre les extr\u00eames de la soci\u00e9t\u00e9, car entre les riches et les pauvres, il y a peu de contacts et la fracture sociale est visible. C\u2019est pour cela qu\u2019on accorde un r\u00f4le important aux couches moyennes dans la stabilit\u00e9 sociale.<\/span><\/p>\n<p><span style=\"font-weight: 400;\">Cela nous am\u00e8ne \u00e0 nous interroger sur le seuil de pauvret\u00e9 et le seuil de richesse. Mais en l\u2019absence de donn\u00e9es fiables et exhaustives sur le revenu et sa r\u00e9partition au Maroc, surgissent de nouvelles difficult\u00e9s. Les chiffres n\u00e9cessaires pour \u00e9lucider cette question rel\u00e8vent encore du myst\u00e8re dans notre pays, o\u00f9 seules les d\u00e9penses de consommation sont relativement connues.\u00a0 Les \u00e9tudes sur le sujet manquent cruellement. Exception faite d\u2019une \u00e9tude effectu\u00e9e par le HCP en 2009 sur les classes moyennes \u00e0 partir de l\u2019enqu\u00eate sur le niveau de vie et la consommation des m\u00e9nages en 2006-2007. Force est de constater, comme le soulignent d\u2019ailleurs ses r\u00e9dacteurs, que l\u2019\u00e9tude manque de rigueur et de pertinence.<\/span><\/p>\n<p><span style=\"font-weight: 400;\">En ce sens, les r\u00e9sultats auxquels a abouti ladite \u00e9tude paraissent peu convaincants et peu r\u00e9alistes.\u00a0 Sur la base d\u2019un revenu oscillant entre 2800 DH et 6736 DH, les couches moyennes regroupent 53% de la population, contre 34% pour la classe modeste et 13% pour la classe ais\u00e9e. Elles comptent 16,3 millions de personnes dont 62,9% en milieu urbain. Mais l\u00e0 o\u00f9 le doute atteint son comble, c\u2019est au niveau de la d\u00e9limitation\u00a0 des profils de ces couches moyennes. En font partie : 63% des \u00ab employ\u00e9s, artisans et ouvriers qualifi\u00e9s des m\u00e9tiers de l\u2019artisanat\u00bb\u00a0; 58,6% des \u00ab rentiers, retrait\u00e9s et inactifs \u00bb)\u00a0; 56,3% des \u00ab cadres moyens, commer\u00e7ants et interm\u00e9diaires financiers \u00bb\u00a0; 48,6% des \u00ab ouvriers agricoles et non agricoles \u00bb\u00a0; 40,2% des \u00abexploitants agricoles \u00bb\u00a0; et 19,5% des \u00ab cadres sup\u00e9rieurs et professions lib\u00e9rales \u00bb.<\/span><\/p>\n<p><span style=\"font-weight: 400;\">Selon le type d\u2019activit\u00e9, la r\u00e9partition se fait ainsi\u00a0: 48% d\u2019actifs occup\u00e9s ; 8,2% de ch\u00f4meurs ; 43,7% d\u2019inactifs\u00a0 (26% de femmes au foyer, 8,9% des \u00e9tudiants, 2,3% retrait\u00e9s et rentiers, 6,2% personnes \u00e2g\u00e9es et infirmes). Comment peut-on admettre que des personnes inactives ou en ch\u00f4mage puissent faire partie des classes moyennes\u00a0?\u00a0<\/span><\/p>\n<p><span style=\"font-weight: 400;\">C\u2019est dire en d\u00e9finitive que tout reste encore \u00e0 faire pour une meilleure radioscopie de la classe moyenne.\u00a0 Sachant que le v\u00e9cu quotidien montre que sa place dans la soci\u00e9t\u00e9 a \u00e9norm\u00e9ment r\u00e9gress\u00e9 au cours des trois derni\u00e8res d\u00e9cennies.\u00a0 L\u2019h\u00e9morragie a commenc\u00e9 au cours des ann\u00e9es 80 du si\u00e8cle dernier sous l\u2019effet du programme d\u2019ajustement structurel qui a donn\u00e9 un coup de massue aux secteurs sociaux. Depuis, cette classe n\u2019a cess\u00e9 de faire les frais des politiques publiques ax\u00e9es sur la lib\u00e9ralisation et le d\u00e9sengagement outranciers.\u00a0 Sa place s\u2019est progressivement r\u00e9duite sous le poids d\u2019une paup\u00e9risation croissante et d\u2019une d\u00e9gringolade de son pouvoir d\u2019achat. Dans le meilleur des cas, elle ne repr\u00e9sente pas plus de 25% de la population\u00a0aujourd\u2019hui. Ce qui est probl\u00e9matique pour la stabilit\u00e9 sociale et la croissance \u00e9conomique du pays.<\/span><\/p>\n<p><span style=\"font-weight: 400;\">En attendant de faire une \u00e9tude exhaustive sur les couches moyennes et mettre\u00a0 \u00e0 profit les donn\u00e9es existantes, dont notamment le dernier rapport sur la richesse globale (r\u00e9alis\u00e9 conjointement par Bank Al Maghrib et le CESE), il faut d\u00e8s \u00e0 pr\u00e9sent rectifier le tir en prenant des mesures de nature \u00e0 favoriser l\u2019\u00e9closion de la classe moyenne. Parmi ces mesures, il y lieu de mentionner\u00a0: l\u2019all\u00e9gement du fardeau fiscal, l\u2019am\u00e9lioration des\u00a0 services sociaux de base notamment l\u2019\u00e9ducation et la sant\u00e9 (ces deux secteurs contribuent \u00e0 ob\u00e9rer le budget des couches moyennes) et l\u2019encouragement d\u2019un habitat d\u00e9di\u00e9. Le tout devant \u00eatre encadr\u00e9 par une politique de revenus juste et \u00e9quitable.\u00a0<\/span><\/p>\n<p><span style=\"font-weight: 400; color: #3366ff;\">Al Bayane, mercredi 4 sept. 2019<\/span><\/p>\n","protected":false},"excerpt":{"rendered":"<p>Par Abdeslam Seddiki S\u2019il y a une r\u00e9alit\u00e9 difficile \u00e0 d\u00e9finir et \u00e0 cerner avec pr\u00e9cision c\u2019est bien celle que l\u2019on appelle, par d\u00e9faut, \u00ab\u00a0classes moyennes\u00a0\u00bb. Tant\u00f4t on\u00a0 parle de classe moyenne au singulier, tant\u00f4t on en parle au pluriel. Dans tous les cas, le concept de \u00ab\u00a0classe sociale\u00a0\u00bb ne nous semble pas appropri\u00e9 pour [&hellip;]<\/p>\n","protected":false},"author":1,"featured_media":7337,"comment_status":"open","ping_status":"open","sticky":false,"template":"","format":"standard","meta":{"footnotes":""},"categories":[18],"tags":[],"class_list":["post-7872","post","type-post","status-publish","format-standard","has-post-thumbnail","hentry","category-point-de-vue"],"_links":{"self":[{"href":"https:\/\/pps.ma\/fr\/wp-json\/wp\/v2\/posts\/7872","targetHints":{"allow":["GET"]}}],"collection":[{"href":"https:\/\/pps.ma\/fr\/wp-json\/wp\/v2\/posts"}],"about":[{"href":"https:\/\/pps.ma\/fr\/wp-json\/wp\/v2\/types\/post"}],"author":[{"embeddable":true,"href":"https:\/\/pps.ma\/fr\/wp-json\/wp\/v2\/users\/1"}],"replies":[{"embeddable":true,"href":"https:\/\/pps.ma\/fr\/wp-json\/wp\/v2\/comments?post=7872"}],"version-history":[{"count":1,"href":"https:\/\/pps.ma\/fr\/wp-json\/wp\/v2\/posts\/7872\/revisions"}],"predecessor-version":[{"id":7873,"href":"https:\/\/pps.ma\/fr\/wp-json\/wp\/v2\/posts\/7872\/revisions\/7873"}],"wp:featuredmedia":[{"embeddable":true,"href":"https:\/\/pps.ma\/fr\/wp-json\/wp\/v2\/media\/7337"}],"wp:attachment":[{"href":"https:\/\/pps.ma\/fr\/wp-json\/wp\/v2\/media?parent=7872"}],"wp:term":[{"taxonomy":"category","embeddable":true,"href":"https:\/\/pps.ma\/fr\/wp-json\/wp\/v2\/categories?post=7872"},{"taxonomy":"post_tag","embeddable":true,"href":"https:\/\/pps.ma\/fr\/wp-json\/wp\/v2\/tags?post=7872"}],"curies":[{"name":"wp","href":"https:\/\/api.w.org\/{rel}","templated":true}]}}