{"id":7888,"date":"2019-10-02T13:51:25","date_gmt":"2019-10-02T13:51:25","guid":{"rendered":"http:\/\/ppsmaroc.com\/fr\/?p=7888"},"modified":"2019-10-02T13:51:25","modified_gmt":"2019-10-02T13:51:25","slug":"parti-pris","status":"publish","type":"post","link":"https:\/\/pps.ma\/fr\/7888\/","title":{"rendered":"Parti pris"},"content":{"rendered":"<p><img loading=\"lazy\" decoding=\"async\" class=\"aligncenter size-full wp-image-5897\" src=\"http:\/\/ppsmaroc.com\/fr\/wp-content\/uploads\/2014\/05\/Mustapha-Labraimi-2.jpg\" alt=\"\" width=\"264\" height=\"323\" srcset=\"https:\/\/pps.ma\/fr\/wp-content\/uploads\/2014\/05\/Mustapha-Labraimi-2.jpg 264w, https:\/\/pps.ma\/fr\/wp-content\/uploads\/2014\/05\/Mustapha-Labraimi-2-245x300.jpg 245w\" sizes=\"auto, (max-width: 264px) 100vw, 264px\" \/><\/p>\n<p><span style=\"font-weight: 400; color: #3366ff;\">Par Mustapha LABRAIMI<\/span><\/p>\n<p><span style=\"font-weight: 400;\">Celles et ceux qui n\u2019ont pas voulu comprendre l\u2019engagement de ministres PPS dans un gouvernement men\u00e9 par le PJD ne voudront pas comprendre pourquoi il se retire en ce moment du gouvernement. Il faut dire que certains croient toujours que la terre est plate alors que sa rotondit\u00e9 a \u00e9t\u00e9 d\u00e9montr\u00e9e scientifiquement\u00a0! C\u2019est dire que les explications subjectives ne s\u2019arr\u00eateront pas pour autant.<\/span><\/p>\n<p><span style=\"font-weight: 400;\">Et pourtant le communiqu\u00e9 de l\u2019ex\u00e9cutif du PPS est clair. Le retrait du PPS du gouvernement fait suite \u00e0 une appr\u00e9ciation politique qui a \u00e9t\u00e9 matur\u00e9e lors des discussions tenues aussi bien en interne qu\u2019avec le Chef du gouvernement depuis que l\u2019annonce a \u00e9t\u00e9 faite pour un remaniement voire un renouvellement de l\u2019\u00e9quipe gouvernementale.<\/span><\/p>\n<p><span style=\"font-weight: 400;\">La d\u00e9termination unanime du Bureau politique du PPS s\u2019est constitu\u00e9e suite \u00e0 l\u2019impossibilit\u00e9 du Chef du gouvernement de sortir d\u2019une approche arithm\u00e9tique de la composition gouvernementale et d\u2019aborder l\u2019objectif assign\u00e9 au remaniement\u00a0: r\u00e9unir les conditions de r\u00e9ussite de la mutation profonde du pays par la consolidation de la confiance et des acquis, l\u2019ouverture pour le d\u00e9veloppement \u00e9conomique, l\u2019acc\u00e9l\u00e9ration \u00e9conomique et l\u2019efficacit\u00e9 institutionnelle et le d\u00e9veloppement de la justice sociale et spatiale\u00a0;\u00a0 pour \u00ab\u00a0un Maroc o\u00f9 s\u2019estompent les disparit\u00e9s criantes et les comportements g\u00e9n\u00e9rateurs de frustration, o\u00f9 disparaissent les formes de rente existantes et les situations induisant des d\u00e9perditions de temps et d\u2019\u00e9nergie.\u00bb.<\/span><\/p>\n<p><span style=\"font-weight: 400;\">Faut-il le rappeler que lors du dixi\u00e8me congr\u00e8s national du PPS, \u00e0 la mi-mai 2018, la proposition \u00e9tay\u00e9e d\u2019un \u00ab\u00a0nouveau souffle d\u00e9mocratique\u00a0\u00bb\u00a0 a \u00e9t\u00e9 faite. \u00ab\u00a0Un souffle qui soit capable de g\u00e9n\u00e9rer une nouvelle dynamique politique, qui rassure l\u2019opinion publique pour qu\u2019elle retrouve l\u2019enthousiasme qui lui a ouvert plein d\u2019horizons il y a pr\u00e8s de vingt ans.\u00bb Pour cela, il faut mettre en \u0153uvre maintenant, et beaucoup plus qu\u2019hier, \u00ab\u00a0un programme gouvernemental ambitieux bas\u00e9 sur des priorit\u00e9s fondamentales et une volont\u00e9 forte de mener \u00e0 bien le projet de r\u00e9forme, de relever ses d\u00e9fis et de remporter ses paris\u00bb.<\/span><\/p>\n<p><span style=\"font-weight: 400;\">Depuis l\u2019action gouvernementale a \u00e9t\u00e9 marqu\u00e9e par des pesanteurs qui ont augment\u00e9 son inertie face \u00e0 l\u2019\u00e9volution politique de la soci\u00e9t\u00e9 marocaine, \u00e0 ses aspirations et \u00e0 ses attentes. L\u2019attentisme, les h\u00e9sitations, les querelles internes \u00e0 la majorit\u00e9, la pr\u00e9dominance de la qu\u00eate \u00e9lectorale sur l\u2019action gouvernementale collective, \u00ab\u00a0les affaires\u00a0\u00bb\u00a0 et autres gaucheries ont affaibli la coh\u00e9sion de l\u2019\u00e9quipe gouvernementale et son efficacit\u00e9 \u00e0 prendre \u00e0 bras le corps les probl\u00e8mes v\u00e9cus au quotidien par la population.\u00a0<\/span><\/p>\n<p><span style=\"font-weight: 400;\">Devrait-on pr\u00e9ciser que les ministres du PPS au sein du gouvernement d\u2019une part, la direction du PPS \u00e0 travers son action politique et mobilisatrice d\u2019autre part, se pr\u00e9occupaient de cette situation et agissaient pour son d\u00e9passement. L\u2019inanit\u00e9, le ronronnement sans plus, de l\u2019action gouvernementale s\u2019est conclue par l\u2019appel royal solennel au renouvellement \u00ab\u00a0pour hisser l\u2019action \u00e0 des niveaux sup\u00e9rieurs\u00a0\u00bb.<\/span><\/p>\n<p><span style=\"font-weight: 400;\">Dans l\u2019attente de la r\u00e9alisation du remodelage gouvernemental, le retrait du PPS est une marque de responsabilit\u00e9 en continuit\u00e9 avec ses positions pr\u00e9c\u00e9dentes pour servir le pays et sa population\u00a0; contribuer \u00e0 la transformation de la soci\u00e9t\u00e9 marocaine en \u0153uvrant \u00e0 son \u00e9mancipation et \u00e0 la promotion de la d\u00e9mocratie dans tous ses aspects, agir pour un Maroc souverain, moderne, d\u00e9mocratique, \u00e9mergent et sans in\u00e9galit\u00e9s sociales et spatiales. C\u2019est notre parti pris.\u00a0\u00a0<\/span><\/p>\n<p>&nbsp;<\/p>\n","protected":false},"excerpt":{"rendered":"<p>Par Mustapha LABRAIMI Celles et ceux qui n\u2019ont pas voulu comprendre l\u2019engagement de ministres PPS dans un gouvernement men\u00e9 par le PJD ne voudront pas comprendre pourquoi il se retire en ce moment du gouvernement. Il faut dire que certains croient toujours que la terre est plate alors que sa rotondit\u00e9 a \u00e9t\u00e9 d\u00e9montr\u00e9e scientifiquement\u00a0! [&hellip;]<\/p>\n","protected":false},"author":1,"featured_media":5897,"comment_status":"open","ping_status":"open","sticky":false,"template":"","format":"standard","meta":{"footnotes":""},"categories":[18],"tags":[],"class_list":["post-7888","post","type-post","status-publish","format-standard","has-post-thumbnail","hentry","category-point-de-vue"],"_links":{"self":[{"href":"https:\/\/pps.ma\/fr\/wp-json\/wp\/v2\/posts\/7888","targetHints":{"allow":["GET"]}}],"collection":[{"href":"https:\/\/pps.ma\/fr\/wp-json\/wp\/v2\/posts"}],"about":[{"href":"https:\/\/pps.ma\/fr\/wp-json\/wp\/v2\/types\/post"}],"author":[{"embeddable":true,"href":"https:\/\/pps.ma\/fr\/wp-json\/wp\/v2\/users\/1"}],"replies":[{"embeddable":true,"href":"https:\/\/pps.ma\/fr\/wp-json\/wp\/v2\/comments?post=7888"}],"version-history":[{"count":2,"href":"https:\/\/pps.ma\/fr\/wp-json\/wp\/v2\/posts\/7888\/revisions"}],"predecessor-version":[{"id":7890,"href":"https:\/\/pps.ma\/fr\/wp-json\/wp\/v2\/posts\/7888\/revisions\/7890"}],"wp:featuredmedia":[{"embeddable":true,"href":"https:\/\/pps.ma\/fr\/wp-json\/wp\/v2\/media\/5897"}],"wp:attachment":[{"href":"https:\/\/pps.ma\/fr\/wp-json\/wp\/v2\/media?parent=7888"}],"wp:term":[{"taxonomy":"category","embeddable":true,"href":"https:\/\/pps.ma\/fr\/wp-json\/wp\/v2\/categories?post=7888"},{"taxonomy":"post_tag","embeddable":true,"href":"https:\/\/pps.ma\/fr\/wp-json\/wp\/v2\/tags?post=7888"}],"curies":[{"name":"wp","href":"https:\/\/api.w.org\/{rel}","templated":true}]}}