{"id":7909,"date":"2019-10-24T09:40:59","date_gmt":"2019-10-24T09:40:59","guid":{"rendered":"http:\/\/ppsmaroc.com\/fr\/?p=7909"},"modified":"2019-10-24T09:40:59","modified_gmt":"2019-10-24T09:40:59","slug":"la-revolution-du-jasmin","status":"publish","type":"post","link":"https:\/\/pps.ma\/fr\/7909\/","title":{"rendered":"La r\u00e9volution du jasmin !"},"content":{"rendered":"<p><img loading=\"lazy\" decoding=\"async\" class=\"aligncenter size-full wp-image-1926\" src=\"http:\/\/ppsmaroc.com\/fr\/wp-content\/uploads\/2013\/02\/saoud-amalki.jpg\" alt=\"\" width=\"640\" height=\"430\" srcset=\"https:\/\/pps.ma\/fr\/wp-content\/uploads\/2013\/02\/saoud-amalki.jpg 640w, https:\/\/pps.ma\/fr\/wp-content\/uploads\/2013\/02\/saoud-amalki-300x201.jpg 300w, https:\/\/pps.ma\/fr\/wp-content\/uploads\/2013\/02\/saoud-amalki-99x66.jpg 99w\" sizes=\"auto, (max-width: 640px) 100vw, 640px\" \/><br \/>\n<strong><span style=\"color: #3366ff;\">Saoudi El Amalki<\/span><\/strong><\/p>\n<p>L\u2019investiture officielle du pr\u00e9sident de la Tunisie, \u00e0 l\u2019enceinte du conseil du peuple, a constitu\u00e9 un d\u00e9nouement salutaire d\u2019une r\u00e9surrection laborieuse, baptis\u00e9e, depuis la chute du r\u00e9gime de Zine El-Abidine Benali, \u00ab La R\u00e9volution du Jasmin \u00bb. Cette messe \u00e0 laquelle avait aussi pris part le perchoir bicam\u00e9ral de l\u2019h\u00e9micycle marocain, fut, de bout en bout, intens\u00e9ment poignante, de par la solennit\u00e9 du discours pr\u00e9sidentiel et les propos forts qu\u2019il a renferm\u00e9s. Le ton rigoureux et d\u00e9terminant, le nouveau chef d\u2019Etat tunisien d\u00e9bitait une intention des plus prometteuses, devant une assistance attentive et acquise au sacerdoce.<\/p>\n<p>Tout en vouant la \u00ab r\u00e9volution culturelle \u00bb du peuple qui s\u2019est sold\u00e9e par son \u00e9lection l\u00e9gitime, il d\u00e9filait un par un, une multitude de concepts cl\u00e9s de son mot constitutif. On retiendra, de prime abord, l\u2019intransigeance inflexible aux lois constitutionnelles dont l\u2019application ne serait ni discriminatoire ni complaisante. Par la suite, il mettra du jus dans son speech, tout en se focalisant sur un champ notionnel qui semble lui tenir \u00e0 c\u0153ur, notamment la libert\u00e9, le loyalisme, la dignit\u00e9, la confiance\u2026Encore aur\u00e9ol\u00e9 par son succ\u00e8s \u00e9crasant, il ne manquait pas de rende hommage \u00e0 la soci\u00e9t\u00e9 tunisienne de ce triomphe populaire qu\u2019il qualifiait de \u00ab sans pr\u00e9c\u00e9dent \u00bb.<\/p>\n<p>D\u2019autre part, il appelle \u00e0 la conjugaison des efforts des constituantes de la nation afin de r\u00e9sorber les retards, par l\u2019octroi d\u2019un jour de salaire durant cinq ans. Ce sacrifice national est de nature \u00e0 faire restituer les traditions solidaires et ancrer les principes d\u2019aplomb, longtemps mis \u00e0 rude \u00e9preuve. Dans le m\u00eame ordre d\u2019id\u00e9es, il se d\u00e9clare \u00eatre sur le front de s\u2019attaquer ardemment au terrorisme, \u00e0 la rente, \u00e0 la d\u00e9pravation, \u00e0 l\u2018impunit\u00e9\u2026Tout en mesurant l\u2019acuit\u00e9 et l\u2019\u00e9normit\u00e9 de ces t\u00e2ches, il convia toutes les composantes du peuple tunisien \u00e0 en faire leur cheval de bataille. Par ailleurs, il n\u2019h\u00e9sita pas non plus de mettre le cap sur le grand Maghreb qu\u2019il invitait \u00e0 se mobiliser, ainsi que le front africain qu\u2019il appelait \u00e0 se renforcer.<\/p>\n<p>Voil\u00e0 donc un nouveau pr\u00e9sident, tout feu, tout flamme, qui annonce la couleur et promet monts et merveilles \u00e0 un pays, ayant cr\u00e2nement combattu pour la prosp\u00e9rit\u00e9, la dignit\u00e9 et la justice. Un mod\u00e8le qui \u00e9merge d\u2019un bel examen d\u00e9mocratique, men\u00e9 non sans peine, mais se fructifie, pas \u00e0 pas, dans une nation d\u00e9chiquet\u00e9e par les affronts politiciens et les rixes tribales. On esp\u00e8re que la r\u00e9volution du jasmin qui accouche aujourd\u2019hui, certes par c\u00e9sarienne, d\u2019une nouvelle Tunisie issue du peuple, saura faire perp\u00e9tuer cette \u00e9closion pacifique. Pourvu que les forces obscurantistes et r\u00e9actionnaires ne reviennent \u00e0 la charge et n\u2019avortent ce fol entrain d\u00e9mocratique qui, sans doute, contaminera tout son entourage tant maghr\u00e9bin qu\u2019africain !<\/p>\n","protected":false},"excerpt":{"rendered":"<p>Saoudi El Amalki L\u2019investiture officielle du pr\u00e9sident de la Tunisie, \u00e0 l\u2019enceinte du conseil du peuple, a constitu\u00e9 un d\u00e9nouement salutaire d\u2019une r\u00e9surrection laborieuse, baptis\u00e9e, depuis la chute du r\u00e9gime de Zine El-Abidine Benali, \u00ab La R\u00e9volution du Jasmin \u00bb. Cette messe \u00e0 laquelle avait aussi pris part le perchoir bicam\u00e9ral de l\u2019h\u00e9micycle marocain, fut, [&hellip;]<\/p>\n","protected":false},"author":1,"featured_media":6822,"comment_status":"open","ping_status":"open","sticky":false,"template":"","format":"standard","meta":{"footnotes":""},"categories":[18],"tags":[],"class_list":["post-7909","post","type-post","status-publish","format-standard","has-post-thumbnail","hentry","category-point-de-vue"],"_links":{"self":[{"href":"https:\/\/pps.ma\/fr\/wp-json\/wp\/v2\/posts\/7909","targetHints":{"allow":["GET"]}}],"collection":[{"href":"https:\/\/pps.ma\/fr\/wp-json\/wp\/v2\/posts"}],"about":[{"href":"https:\/\/pps.ma\/fr\/wp-json\/wp\/v2\/types\/post"}],"author":[{"embeddable":true,"href":"https:\/\/pps.ma\/fr\/wp-json\/wp\/v2\/users\/1"}],"replies":[{"embeddable":true,"href":"https:\/\/pps.ma\/fr\/wp-json\/wp\/v2\/comments?post=7909"}],"version-history":[{"count":1,"href":"https:\/\/pps.ma\/fr\/wp-json\/wp\/v2\/posts\/7909\/revisions"}],"predecessor-version":[{"id":7910,"href":"https:\/\/pps.ma\/fr\/wp-json\/wp\/v2\/posts\/7909\/revisions\/7910"}],"wp:featuredmedia":[{"embeddable":true,"href":"https:\/\/pps.ma\/fr\/wp-json\/wp\/v2\/media\/6822"}],"wp:attachment":[{"href":"https:\/\/pps.ma\/fr\/wp-json\/wp\/v2\/media?parent=7909"}],"wp:term":[{"taxonomy":"category","embeddable":true,"href":"https:\/\/pps.ma\/fr\/wp-json\/wp\/v2\/categories?post=7909"},{"taxonomy":"post_tag","embeddable":true,"href":"https:\/\/pps.ma\/fr\/wp-json\/wp\/v2\/tags?post=7909"}],"curies":[{"name":"wp","href":"https:\/\/api.w.org\/{rel}","templated":true}]}}