{"id":7912,"date":"2019-10-30T10:50:30","date_gmt":"2019-10-30T10:50:30","guid":{"rendered":"http:\/\/ppsmaroc.com\/fr\/?p=7912"},"modified":"2019-10-30T10:50:30","modified_gmt":"2019-10-30T10:50:30","slug":"le-drapeau-marocain","status":"publish","type":"post","link":"https:\/\/pps.ma\/fr\/7912\/","title":{"rendered":"Le drapeau marocain"},"content":{"rendered":"<p><img loading=\"lazy\" decoding=\"async\" class=\"aligncenter  wp-image-6822\" src=\"http:\/\/ppsmaroc.com\/fr\/wp-content\/uploads\/2015\/11\/Saoudi-El-Amalki.jpg\" alt=\"\" width=\"296\" height=\"199\" srcset=\"https:\/\/pps.ma\/fr\/wp-content\/uploads\/2015\/11\/Saoudi-El-Amalki.jpg 640w, https:\/\/pps.ma\/fr\/wp-content\/uploads\/2015\/11\/Saoudi-El-Amalki-300x202.jpg 300w, https:\/\/pps.ma\/fr\/wp-content\/uploads\/2015\/11\/Saoudi-El-Amalki-90x60.jpg 90w, https:\/\/pps.ma\/fr\/wp-content\/uploads\/2015\/11\/Saoudi-El-Amalki-180x120.jpg 180w, https:\/\/pps.ma\/fr\/wp-content\/uploads\/2015\/11\/Saoudi-El-Amalki-95x64.jpg 95w\" sizes=\"auto, (max-width: 296px) 100vw, 296px\" \/><br \/>\n<span style=\"color: #3366ff;\">Saoudi El Amalki<\/span><\/p>\n<p>Le blasph\u00e8me immonde dont a fait objet le drapeau marocain, r\u00e9cemment, \u00e0 la place de la Bastille en France, ne cesse de susciter \u00e9moi et col\u00e8re, parmi de larges couches de la soci\u00e9t\u00e9. Pris de branle-bas espi\u00e8gle, dans un acte de soutien, les manifestants ont eu subitement, l\u2019id\u00e9e irr\u00e9v\u00e9rencieuse de s\u2019en prendre au fondement sacr\u00e9 et inviolable de la patrie. Un agissement odieux des plus condamnables qu\u2019on puisse faire envers la Nation !<\/p>\n<p>Certes, on peut toujours crier haut et fort, le d\u00e9pit le plus vif \u00e0 l\u2019\u00e9gard de la gestion ou encore de la conduite des d\u00e9cideurs contre tel ou tel grabuge, touchant les libert\u00e9s et les politiques publiques internes. Mais, \u00e0 aucun instant, il ne se serait point permis de colporter un sacril\u00e8ge en direction de l\u2019existence de la communaut\u00e9 unifi\u00e9e, \u00e0 travers des \u00e8res s\u00e9culaires. L\u2019acte irr\u00e9fl\u00e9chi et inadmissible dont a fait preuve ce ramassis d\u2019\u00e9meutiers sur le sol d\u2019un pays auquel on voue tout le respect, remet \u00e0 l\u2019\u00e9preuve l\u2019authenticit\u00e9 de la notion d\u2019appartenance.<\/p>\n<p>Cependant, cette profanation publique du drapeau d\u2019une Nation souveraine, devrait \u00e9galement d\u00e9cha\u00eener l\u2019indignation de tout l\u2019entourage, au c\u0153ur d\u2019une place \u00e9prise de symboles historiques. \u00ab Ce qui blessera l\u2019arbre, ce n\u2019est nullement la hache, mais le manche duquel il est taill\u00e9 ! \u00bb, disait l\u2019autre en pareil cas. En fait, le feu anodin qui br\u00fble le torchon banal est porteur de symbolique qui accompagne la vie d\u2019une Nation dont la p\u00e9rennit\u00e9 est le fruit de longues et ardentes g\u00e9n\u00e9rosit\u00e9s populaires.<\/p>\n<p>Ce qu\u2019ont fait ces \u00e9nergum\u00e8nes \u00e9cervel\u00e9s n\u2019avait jamais \u00e9t\u00e9 un fait fortuit, mais une atteinte criarde \u00e0 la dignit\u00e9 d\u2019un peuple qui avait combattu, tout au long du parcours de sa terre b\u00e9nite, toutes sortes d\u2019assauts hostiles et d\u2019agressions sordides. Ce qu\u2019ont foment\u00e9 ces individus farfelus ne r\u00e9soudra en rien ce qu\u2019ils estiment l\u00e9gitimes, mais ils ne font, dans le concret, que ridiculiser leur comportement ignoble. De tout temps, le drapeau marocain, symbole d\u2019unicit\u00e9 et de communion durant des si\u00e8cles, ne saurait \u00eatre un moyen d\u2019impi\u00e9t\u00e9 saugrenue qui, en fin de compte, ne verse que dans la d\u00e9rision et le d\u00e9dain au yeux d\u2019autrui.<\/p>\n<p>Il est vrai que ce ph\u00e9nom\u00e8ne de d\u00e9rapage qui taraude certaines franges de la soci\u00e9t\u00e9, abattues par les affres de la vie aussi bien \u00e0 l\u2019int\u00e9rieur du pays qu\u2019\u00e0 l\u2019ext\u00e9rieur, incite \u00e0 l\u2019abjuration et le reniement de ses origines. C\u2019est le cas de nombre de ren\u00e9gats qui se d\u00e9clarent en d\u00e9possession de leur registre identitaire ou se jettent dans l\u2019aventurisme des l\u2019\u00e9migration clandestine. Toutefois, il serait encore plus avilissant d\u2019apostasier ses racines pour se perdre dans le n\u00e9ant.<\/p>\n","protected":false},"excerpt":{"rendered":"<p>Saoudi El Amalki Le blasph\u00e8me immonde dont a fait objet le drapeau marocain, r\u00e9cemment, \u00e0 la place de la Bastille en France, ne cesse de susciter \u00e9moi et col\u00e8re, parmi de larges couches de la soci\u00e9t\u00e9. Pris de branle-bas espi\u00e8gle, dans un acte de soutien, les manifestants ont eu subitement, l\u2019id\u00e9e irr\u00e9v\u00e9rencieuse de s\u2019en prendre [&hellip;]<\/p>\n","protected":false},"author":1,"featured_media":6822,"comment_status":"open","ping_status":"open","sticky":false,"template":"","format":"standard","meta":{"footnotes":""},"categories":[18],"tags":[],"class_list":["post-7912","post","type-post","status-publish","format-standard","has-post-thumbnail","hentry","category-point-de-vue"],"_links":{"self":[{"href":"https:\/\/pps.ma\/fr\/wp-json\/wp\/v2\/posts\/7912","targetHints":{"allow":["GET"]}}],"collection":[{"href":"https:\/\/pps.ma\/fr\/wp-json\/wp\/v2\/posts"}],"about":[{"href":"https:\/\/pps.ma\/fr\/wp-json\/wp\/v2\/types\/post"}],"author":[{"embeddable":true,"href":"https:\/\/pps.ma\/fr\/wp-json\/wp\/v2\/users\/1"}],"replies":[{"embeddable":true,"href":"https:\/\/pps.ma\/fr\/wp-json\/wp\/v2\/comments?post=7912"}],"version-history":[{"count":1,"href":"https:\/\/pps.ma\/fr\/wp-json\/wp\/v2\/posts\/7912\/revisions"}],"predecessor-version":[{"id":7913,"href":"https:\/\/pps.ma\/fr\/wp-json\/wp\/v2\/posts\/7912\/revisions\/7913"}],"wp:featuredmedia":[{"embeddable":true,"href":"https:\/\/pps.ma\/fr\/wp-json\/wp\/v2\/media\/6822"}],"wp:attachment":[{"href":"https:\/\/pps.ma\/fr\/wp-json\/wp\/v2\/media?parent=7912"}],"wp:term":[{"taxonomy":"category","embeddable":true,"href":"https:\/\/pps.ma\/fr\/wp-json\/wp\/v2\/categories?post=7912"},{"taxonomy":"post_tag","embeddable":true,"href":"https:\/\/pps.ma\/fr\/wp-json\/wp\/v2\/tags?post=7912"}],"curies":[{"name":"wp","href":"https:\/\/api.w.org\/{rel}","templated":true}]}}