{"id":7917,"date":"2019-10-30T20:08:05","date_gmt":"2019-10-30T20:08:05","guid":{"rendered":"http:\/\/ppsmaroc.com\/fr\/?p=7917"},"modified":"2019-10-30T20:08:05","modified_gmt":"2019-10-30T20:08:05","slug":"volonte-populaire","status":"publish","type":"post","link":"https:\/\/pps.ma\/fr\/7917\/","title":{"rendered":"Volont\u00e9 populaire"},"content":{"rendered":"<p>&nbsp;<\/p>\n<p><img loading=\"lazy\" decoding=\"async\" class=\"aligncenter size-full wp-image-5897\" src=\"http:\/\/ppsmaroc.com\/fr\/wp-content\/uploads\/2014\/05\/Mustapha-Labraimi-2.jpg\" alt=\"\" width=\"264\" height=\"323\" srcset=\"https:\/\/pps.ma\/fr\/wp-content\/uploads\/2014\/05\/Mustapha-Labraimi-2.jpg 264w, https:\/\/pps.ma\/fr\/wp-content\/uploads\/2014\/05\/Mustapha-Labraimi-2-245x300.jpg 245w\" sizes=\"auto, (max-width: 264px) 100vw, 264px\" \/><br \/>\n<span style=\"color: #3366ff;\">Par Mustapha LABRAIMI<\/span><\/p>\n<p>La volont\u00e9 du peuple, c\u2019est quoi ? Cette interpellation est ainsi faite car c\u2019est une expression usit\u00e9e par tous et qui pourrait pr\u00eater \u00e0 confusion dans un d\u00e9bat embryonnaire, lui-m\u00eame produit dans un champ politique parasit\u00e9.<br \/>\nLa volont\u00e9 populaire est une d\u00e9termination qui rel\u00e8ve de la plus grande majorit\u00e9 de la population pour devenir une revendication mobilisatrice dont la satisfaction est assur\u00e9e totalement ou partiellement et \u00e0 plus ou moins long terme.<br \/>\nLa r\u00e9clamation de l\u2019ind\u00e9pendance et sa r\u00e9alisation, l\u2019affirmation de la souverainet\u00e9 nationale, la consolidation de l\u2019int\u00e9grit\u00e9 territoriale, l\u2019\u00e9tablissement de la d\u00e9mocratie, le respect des libert\u00e9s individuelles et des libert\u00e9s collectives, la consid\u00e9ration des droits de la personne humaine, l\u2019observation de l\u2019\u00e9galit\u00e9 du genre en tout et par tous, la protection de l\u2019environnement naturel et la durabilit\u00e9 du d\u00e9veloppement, la juste r\u00e9partition des richesses, la bonne gouvernance et la justice sociale, l\u2019\u00e9mancipation de toute ali\u00e9nation issue de l\u2019exploitation de l\u2019homme par l\u2019homme constituent des formes de la volont\u00e9 du peuple.<br \/>\nSur cette base, et quand les \u00ab conditions permettant de g\u00e9n\u00e9raliser l\u2019effectivit\u00e9 de la libert\u00e9 et de l\u2019\u00e9galit\u00e9 des citoyennes et des citoyens, ainsi que de leur participation \u00e0 la vie politique \u00e9conomique et sociale \u00bb sont assur\u00e9es, \u00ab la loi est l\u2019expression supr\u00eame de la volont\u00e9 de la Nation \u00bb.<br \/>\nLa n\u00e9cessit\u00e9 de concr\u00e9tiser la volont\u00e9 du peuple se traduit par la volont\u00e9 politique. Cette derni\u00e8re est n\u00e9cessaire mais non suffisante si elle n\u2019arrive pas \u00e0 d\u00e9gager les moyens pour se faire. Dans ce cas, elle s\u2019exprime en discours de plus en plus insistants sans pour autant satisfaire la revendication l\u00e9gitime du peuple.<br \/>\nEn s\u2019appuyant sur un rapport de forces qui lui semble favorable, la volont\u00e9 politique peut d\u00e9naturer la volont\u00e9 populaire en affaiblissant sa raison ou en la d\u00e9naturant de son essence. Ce marchandage est fortuit car il ne fait qu\u2019\u00e9loigner le peuple de la politique au moment m\u00eame o\u00f9 \u00ab politique \u00bb et \u00ab peuple \u00bb devraient \u00eatre en synergie pour transformer la soci\u00e9t\u00e9 en mieux.<br \/>\nCela induit des dysfonctionnements, des retards et des d\u00e9phasages qui deviennent de plus en plus des handicaps au d\u00e9veloppement humain et \u00e0 la modernit\u00e9. Les extr\u00eames se nourrissent de ce d\u00e9ficit qui \u00e9rode la confiance du peuple. La m\u00e9fiance, le sarcasme et l\u2019abstention remplacent l\u2019enthousiasme, le d\u00e9bat d\u00e9mocratique et la participation. L\u2019opportunisme \u00e9crase les bonnes volont\u00e9s. Rien ne va m\u00eame si tout semble aller mieux. La pratique du \u00ab chaulage de la fa\u00e7ade \u00bb est galvaud\u00e9e partout o\u00f9 \u00ab la cam\u00e9ra fonctionne \u00bb. \u2026<br \/>\nEt c\u2019est le temps, plus t\u00f4t qu\u2019il n\u2019a \u00e9t\u00e9 pr\u00e9vu, qui fait dire aux thurif\u00e9raires d\u2019hier qu\u2019aujourd\u2019hui la volont\u00e9 du peuple a \u00e9t\u00e9 bafou\u00e9e. Alors, la volont\u00e9 du peuple se r\u00e9tablit encore plus fortement ; car rien ne se perd de la r\u00e9solution populaire et tout se transforme par elle.<\/p>\n","protected":false},"excerpt":{"rendered":"<p>&nbsp; Par Mustapha LABRAIMI La volont\u00e9 du peuple, c\u2019est quoi ? Cette interpellation est ainsi faite car c\u2019est une expression usit\u00e9e par tous et qui pourrait pr\u00eater \u00e0 confusion dans un d\u00e9bat embryonnaire, lui-m\u00eame produit dans un champ politique parasit\u00e9. La volont\u00e9 populaire est une d\u00e9termination qui rel\u00e8ve de la plus grande majorit\u00e9 de la [&hellip;]<\/p>\n","protected":false},"author":1,"featured_media":5897,"comment_status":"open","ping_status":"open","sticky":false,"template":"","format":"standard","meta":{"footnotes":""},"categories":[18],"tags":[],"class_list":["post-7917","post","type-post","status-publish","format-standard","has-post-thumbnail","hentry","category-point-de-vue"],"_links":{"self":[{"href":"https:\/\/pps.ma\/fr\/wp-json\/wp\/v2\/posts\/7917","targetHints":{"allow":["GET"]}}],"collection":[{"href":"https:\/\/pps.ma\/fr\/wp-json\/wp\/v2\/posts"}],"about":[{"href":"https:\/\/pps.ma\/fr\/wp-json\/wp\/v2\/types\/post"}],"author":[{"embeddable":true,"href":"https:\/\/pps.ma\/fr\/wp-json\/wp\/v2\/users\/1"}],"replies":[{"embeddable":true,"href":"https:\/\/pps.ma\/fr\/wp-json\/wp\/v2\/comments?post=7917"}],"version-history":[{"count":1,"href":"https:\/\/pps.ma\/fr\/wp-json\/wp\/v2\/posts\/7917\/revisions"}],"predecessor-version":[{"id":7918,"href":"https:\/\/pps.ma\/fr\/wp-json\/wp\/v2\/posts\/7917\/revisions\/7918"}],"wp:featuredmedia":[{"embeddable":true,"href":"https:\/\/pps.ma\/fr\/wp-json\/wp\/v2\/media\/5897"}],"wp:attachment":[{"href":"https:\/\/pps.ma\/fr\/wp-json\/wp\/v2\/media?parent=7917"}],"wp:term":[{"taxonomy":"category","embeddable":true,"href":"https:\/\/pps.ma\/fr\/wp-json\/wp\/v2\/categories?post=7917"},{"taxonomy":"post_tag","embeddable":true,"href":"https:\/\/pps.ma\/fr\/wp-json\/wp\/v2\/tags?post=7917"}],"curies":[{"name":"wp","href":"https:\/\/api.w.org\/{rel}","templated":true}]}}