{"id":7939,"date":"2019-11-20T13:07:13","date_gmt":"2019-11-20T13:07:13","guid":{"rendered":"http:\/\/ppsmaroc.com\/fr\/?p=7939"},"modified":"2019-11-20T13:07:13","modified_gmt":"2019-11-20T13:07:13","slug":"le-pps-dans-lopposition","status":"publish","type":"post","link":"https:\/\/pps.ma\/fr\/7939\/","title":{"rendered":"Le PPS dans l\u2019opposition"},"content":{"rendered":"<p><img loading=\"lazy\" decoding=\"async\" class=\"aligncenter size-full wp-image-7337\" src=\"http:\/\/ppsmaroc.com\/fr\/wp-content\/uploads\/2017\/11\/Abdeslam-Seddiki.png\" alt=\"\" width=\"669\" height=\"447\" srcset=\"https:\/\/pps.ma\/fr\/wp-content\/uploads\/2017\/11\/Abdeslam-Seddiki.png 669w, https:\/\/pps.ma\/fr\/wp-content\/uploads\/2017\/11\/Abdeslam-Seddiki-300x200.png 300w, https:\/\/pps.ma\/fr\/wp-content\/uploads\/2017\/11\/Abdeslam-Seddiki-90x60.png 90w, https:\/\/pps.ma\/fr\/wp-content\/uploads\/2017\/11\/Abdeslam-Seddiki-180x120.png 180w, https:\/\/pps.ma\/fr\/wp-content\/uploads\/2017\/11\/Abdeslam-Seddiki-95x64.png 95w\" sizes=\"auto, (max-width: 669px) 100vw, 669px\" \/><\/p>\n<p><span style=\"color: #3366ff;\"><strong>Par Abdeslam Seddiki<\/strong><\/span><\/p>\n<p>Il faut souligner de prime abord que la d\u00e9cision prise par le CC, \u00e0 une large majorit\u00e9, de sortir du gouvernement a \u00e9t\u00e9 une d\u00e9cision sage ne serait-ce que par le fait qu\u2019elle nous permet de nous pencher sur l\u2019\u00e9tat de sant\u00e9 de notre parti qui commence \u00e0 montrer des signes apparents de fatigue, perd de sa vigueur et de sa combativit\u00e9 et s\u2019\u00e9loigne quelque peu des masses populaires qu\u2019il est cens\u00e9 repr\u00e9senter.<\/p>\n<p>Il faut rappeler que le parti ne d\u00e9couvre pas l\u2019opposition, il y a pass\u00e9 plus d\u2019un demi-si\u00e8cle contre 21 ans au gouvernement. Ce qui lui donne suffisamment de ressorts pour passer d\u2019une phase \u00e0 une autre. D\u2019ailleurs, il a r\u00e9ussi parfaitement son premier test lors du processus d\u2019examen du PLF 2020. Sans tomber dans la surench\u00e8re st\u00e9rile ou verser dans le populisme primaire, le groupement parlementaire du PPS a fait preuve \u00e0 la fois de pond\u00e9ration et de fermet\u00e9 en fonction des th\u00e8mes d\u00e9battus. A chaque fois qu\u2019une mesure va pas dans le sens de l\u2019int\u00e9r\u00eat national et r\u00e9pond aux besoins des couches populaires, il n\u2019a eu de g\u00eane de la soutenir. Et vice versa.<\/p>\n<p>Il nous appartient aujourd\u2019hui d\u2019affermir davantage ce choix d\u00e9mocratique et d\u2019assurer le passage vers l\u2019opposition. Dans ce sens, un effort particulier doit \u00eatre fait au niveau de la formation notamment des jeunes adh\u00e9rents et des \u00e9lus qui sont en contact permanent avec la population et les repr\u00e9sentants des autres forces nationales. Un retour aux fondamentaux s\u2019impose plus que jamais. Ce qui ne signifie, en aucune mani\u00e8re, d\u2019opter pour un \u00ab repli id\u00e9ologique \u00bb pour se sentir \u00e0 l\u2019aise dans un certain conformisme intellectuel. Au contraire, face \u00e0 la d\u00e9saffection du politique et de l\u2019\u00e9loignement des jeunes des partis politiques, nous sommes appel\u00e9s \u00e0 am\u00e9liorer notre offre politique pour la rendre plus attractive et captivante.<\/p>\n<p>C\u2019est ainsi que notre r\u00e9f\u00e9rentiel id\u00e9ologique, qui demeure valable dans son ensemble, m\u00e9rite un examen critique comme nous l\u2019avions toujours fait lors de nos congr\u00e8s pr\u00e9c\u00e9dents. Il est vrai que l\u2019application des principes du socialisme, tel que nous le concevons et pour lequel nous plaidons, est<\/p>\n<p>tributaire de l\u2019\u00e9tat des rapports de forces. Mais en m\u00eame temps, nous ne saurions accepter le fait que dans notre pays domine un certain capitalisme que d\u2019aucuns n\u2019h\u00e9sitent pas \u00e0 qualifier de connivence, un capitalisme domin\u00e9 par l\u2019\u00e9conomie de rente au m\u00e9pris des r\u00e8gles de la concurrence. C\u2019est pour cela que le parti doit tout d\u00e9ployer, en coordination avec les autres forces du progr\u00e8s et en s\u2019appuyant sur le mouvement social, pour l\u2019av\u00e8nement d\u2019une alternative d\u00e9mocratique et progressiste.<\/p>\n<p>Le parti se doit d\u2019\u00eatre pr\u00e9sent plus que jamais dans le mouvement social et participer, sans se voiler la face, \u00e0 son combat pour donner plus de sens aux revendications populaires d\u00e8s lors qu\u2019il les juge l\u00e9gitimes et r\u00e9alistes. Si le parti ne le fait pas, avec constance, d\u00e9termination et esprit de suite pour en faire son cheval de bataille, ce sont d\u2019autres milieux, appartenant le plus souvent aux extr\u00e9mistes de gauche et de droite, qui le feraient. Avec les cons\u00e9quences que l\u2019on sait. Pour ce faire, les organisations du part, \u00e0 tous les niveaux doivent travailler \u00e0 plein r\u00e9gime et sans rel\u00e2che. Le Bureau Politique ferait mieux de d\u00e9placer, autant que faire se peut, ses r\u00e9unions hebdomadaires vers les diff\u00e9rentes villes. Par ailleurs, Il faut trouver le moyen de faire participer davantage les membres du CC pour qu\u2019ils ne se sentent pas, \u00e0 tort d\u2019ailleurs, appartenir \u00e0 une structure qui s\u2019apparente \u00e0 une \u00ab chambre d\u2019enregistrement \u00bb. Enfin, nous avons besoin de toutes les militantes et de tous les militants, un effort de r\u00e9conciliation doit \u00eatre entrepris sans exclusive aucune et sans porter de jugements h\u00e2tifs sur tel ou tel militant.<\/p>\n<p>Un parti, comme le n\u00f4tre, n\u2019est pas fait pour travailler en vase clos. Il doit \u00eatre ouvert non seulement \u00e0 l\u2019ensemble des militants mais aussi \u00e0 tous les sympathisants et \u00e0 toute personne souhaitant apporter sa contribution sans pour autant qu\u2019elle partage l\u2019ensemble de nos positions et adh\u00e8re \u00e0 notre r\u00e9f\u00e9rentiel id\u00e9ologique. L\u2019exp\u00e9rience a montr\u00e9 que c\u2019est dans le combat social sur le terrain qu\u2019on d\u00e9couvre les meilleurs \u00e9l\u00e9ments sur lesquels il faudra compter \u00e0 l\u2019avenir.<\/p>\n<p>La question des alliances est strat\u00e9gique. Elle doit \u00eatre clarifi\u00e9e pour ne pas se tromper d\u2019ennemi. Si notre alliance avec les forces se r\u00e9clamant d\u2019une sensibilit\u00e9 de gauche et celles qui ont une identit\u00e9 nationale bien affich\u00e9e \u2013 ce qui correspond \u00e0 l\u2019ancienne Koutla d\u00e9mocratique- ne pose aucun probl\u00e8me et n\u2019en a jamais pos\u00e9 par le pass\u00e9, on ne doit pas faire l\u2019\u00e9conomie d\u2019une r\u00e9flexion<\/p>\n<p>sur les contradictions qui traversent la soci\u00e9t\u00e9 marocaine. Une r\u00e9flexion de fond s\u2019impose sur les relations entre le grand capital et l\u2019islam politique. Malgr\u00e9 leurs divergences apparentes sur certaines questions, force est de constater plut\u00f4t une convergence d\u2019int\u00e9r\u00eats et une alliance objective entre ces deux composantes. Pour faire court, disons que tous les marginalis\u00e9s, les ch\u00f4meurs et les laiss\u00e9s pour compte produits par le syst\u00e8me constituent une \u00ab arm\u00e9e industrielle de r\u00e9serve \u00bb pour le grand capital et une \u00ab arm\u00e9e de r\u00e9serve \u00e9lectorale \u00bb pour l\u2019islam politique. C\u2019est le danger qui guette la soci\u00e9t\u00e9 marocaine et l\u2019une des causes de son blocage.<\/p>\n","protected":false},"excerpt":{"rendered":"<p>Par Abdeslam Seddiki Il faut souligner de prime abord que la d\u00e9cision prise par le CC, \u00e0 une large majorit\u00e9, de sortir du gouvernement a \u00e9t\u00e9 une d\u00e9cision sage ne serait-ce que par le fait qu\u2019elle nous permet de nous pencher sur l\u2019\u00e9tat de sant\u00e9 de notre parti qui commence \u00e0 montrer des signes apparents [&hellip;]<\/p>\n","protected":false},"author":1,"featured_media":7337,"comment_status":"open","ping_status":"open","sticky":false,"template":"","format":"standard","meta":{"footnotes":""},"categories":[18],"tags":[],"class_list":["post-7939","post","type-post","status-publish","format-standard","has-post-thumbnail","hentry","category-point-de-vue"],"_links":{"self":[{"href":"https:\/\/pps.ma\/fr\/wp-json\/wp\/v2\/posts\/7939","targetHints":{"allow":["GET"]}}],"collection":[{"href":"https:\/\/pps.ma\/fr\/wp-json\/wp\/v2\/posts"}],"about":[{"href":"https:\/\/pps.ma\/fr\/wp-json\/wp\/v2\/types\/post"}],"author":[{"embeddable":true,"href":"https:\/\/pps.ma\/fr\/wp-json\/wp\/v2\/users\/1"}],"replies":[{"embeddable":true,"href":"https:\/\/pps.ma\/fr\/wp-json\/wp\/v2\/comments?post=7939"}],"version-history":[{"count":1,"href":"https:\/\/pps.ma\/fr\/wp-json\/wp\/v2\/posts\/7939\/revisions"}],"predecessor-version":[{"id":7940,"href":"https:\/\/pps.ma\/fr\/wp-json\/wp\/v2\/posts\/7939\/revisions\/7940"}],"wp:featuredmedia":[{"embeddable":true,"href":"https:\/\/pps.ma\/fr\/wp-json\/wp\/v2\/media\/7337"}],"wp:attachment":[{"href":"https:\/\/pps.ma\/fr\/wp-json\/wp\/v2\/media?parent=7939"}],"wp:term":[{"taxonomy":"category","embeddable":true,"href":"https:\/\/pps.ma\/fr\/wp-json\/wp\/v2\/categories?post=7939"},{"taxonomy":"post_tag","embeddable":true,"href":"https:\/\/pps.ma\/fr\/wp-json\/wp\/v2\/tags?post=7939"}],"curies":[{"name":"wp","href":"https:\/\/api.w.org\/{rel}","templated":true}]}}