{"id":8215,"date":"2020-08-14T14:44:21","date_gmt":"2020-08-14T14:44:21","guid":{"rendered":"http:\/\/ppsmaroc.com\/fr\/?p=8215"},"modified":"2020-08-14T14:44:22","modified_gmt":"2020-08-14T14:44:22","slug":"ne-touche-pas-a-mon-patrimoine","status":"publish","type":"post","link":"https:\/\/pps.ma\/fr\/8215\/","title":{"rendered":"Ne touche pas \u00e0 mon patrimoine"},"content":{"rendered":"\n<p><span class=\"has-inline-color has-vivid-cyan-blue-color\"><strong>Par Mustapha LABRAIMI<\/strong><\/span><\/p>\n\n\n\n<p>Notre patrimoine est malmen\u00e9. Derni\u00e8rement, des \u00e9v\u00e8nements en relation avec la d\u00e9gradation, voire la d\u00e9molition, de sites historiques class\u00e9s ont fait l\u2019objet d\u2019une couverture m\u00e9diatique \u00e0 tous les niveaux. Apr\u00e8s qu\u2019ils aient \u00e9t\u00e9 ras\u00e9s de la surface topographique ; pour un site, un gouverneur a \u00e9t\u00e9 limog\u00e9 et pour un autre la pol\u00e9mique a pris l\u2019aspect d\u2019une temp\u00eate sans dommages collat\u00e9raux. Il reste que l\u2019\u00e9tat de la plupart des sites et des monuments, non recens\u00e9s et non enregistr\u00e9s nulle part, ne pr\u00eate pas \u00e0 l\u2019optimisme si des mesures urgentes ne sont pas prises. Il n\u2019est pas exag\u00e9r\u00e9 de dire que la menace p\u00e8se lourdement sur l\u2019h\u00e9ritage historique culturel qui mat\u00e9rialise les \u00e9pop\u00e9es pass\u00e9es de notre peuple et que l\u2019on partage avec l\u2019ensemble de l\u2019humanit\u00e9.<br>Des dynamiques diverses, diff\u00e9rentes et parfois contradictoires mettent en p\u00e9ril \u00e0 chaque instant notre patrimoine dans son ensemble. Leurs impacts se r\u00e9percutent n\u00e9gativement autant sur la population, ses activit\u00e9s et sur les liens sociaux qui en assurent la coh\u00e9sion qu\u2019autant sur les ensembles spatiaux historiques.<br>En milieu rural, les \u00e9difices tombent en ruine, revenant \u00e0 la terre, sans que cela ne suscite un quelconque \u00e9moi. C\u2019est vrai que, par les temps qui courent, les gens ont d\u2019autres pr\u00e9occupation et que les tenants de la m\u00e9moire se font plus rares. Une partie de l\u2019identit\u00e9 se perd ainsi, comme d\u2019autres valeurs, dans le tumulte de la mondialisation et du n\u00e9olib\u00e9ralisme effr\u00e9n\u00e9.<br>Certes, des efforts sont entrepris pour la sauvegarde de ce patrimoine mat\u00e9riel, mais ils restent insuffisants. Ainsi, quand elle s\u2019effectue, et dans la plupart des cas, la pr\u00e9servation des biens du patrimoine national est conduite sans prendre en consid\u00e9ration les sp\u00e9cificit\u00e9s des sites et des monuments, devenant elle-m\u00eame un effacement de l\u2019originalit\u00e9 et une destruction de la m\u00e9moire collective. Pour le patrimoine immat\u00e9riel, tout, ou presque, reste \u00e0 faire.<br>Le cadre r\u00e9glementaire national reste lourd \u00e0 mettre en \u0153uvre pour emp\u00eacher la disparition du b\u00e2ti historique convoit\u00e9 par sa surface, sa position et l\u2019immense profit que peut g\u00e9n\u00e9rer sa \u00ab modernisation \u00bb immobili\u00e8re. La loi 22-80 devra \u00eatre amend\u00e9e et enrichie pour constituer un cadre juridique idoine relatif au patrimoine national dans toute sa globalit\u00e9.<br>Les actions de protection, de pr\u00e9servation et de valorisation restent beaucoup plus le fait des administrations en charge ou de tr\u00e8s rares m\u00e9c\u00e8nes. L\u2019implication de la population \u00e0 travers ses repr\u00e9sentants, ses associations, ses artisans, ses intellectuels et ses professionnels n\u2019est pas \u00e0 l\u2019ordre du jour. M\u00eame la sensibilisation est men\u00e9e en cours d\u2019op\u00e9ration alors qu\u2019elle devrait \u00eatre en amont afin que la participation de tous les concern\u00e9s soit assur\u00e9e et acquise.<br>Technocratie et bureaucratie qui font que les m\u00e9dinas se transforment et tendent \u00e0 converger par cela vers la m\u00eame configuration \u00ab r\u00e9nov\u00e9e \u00bb. Cette d\u00e9marche ; \u00e0 quelques rares exceptions pr\u00e8s, a conduit \u00e0 une uniformisation de la \u00ab restauration \u00bb au lieu du respect du caract\u00e8re sp\u00e9cifique de chaque entit\u00e9 patrimoniale. Cette d\u00e9naturation a des effets pervers sur la m\u00e9moire collective qui se perd dans le vernis qui lui est ainsi appos\u00e9. L\u2019appropriation du patrimoine et de sa charge affective, qui doivent se transmettre entre les g\u00e9n\u00e9rations, c\u00e8dent la place \u00e0 la banalisation r\u00e9ductrice de l\u2019utilitaire am\u00e9nag\u00e9. On reste loin d\u2019une gouvernance permettant une r\u00e9g\u00e9n\u00e9ration du patrimoine inclusive et comprise dans le d\u00e9veloppement durable.<br>Cette situation alarmante a eu pour effet d\u2019induire la naissance d\u2019associations d\u00e9di\u00e9es \u00e0 la m\u00e9moire et \u00e0 la protection du patrimoine, sa sauvegarde et sa valorisation. De locales \u00e0 r\u00e9gionales, elles ont l\u2019ambition de se f\u00e9d\u00e9rer en un Collectif au service du patrimoine \u00ab sur la base d\u2019une gestion partag\u00e9e des questions se rapportant au patrimoine et de la concertation pr\u00e9alable avec l\u2019ensemble des acteurs concern\u00e9s \u00bb.<br>Dans l\u2019attente que ce legs de nos ascendants ne soit plus \u00ab un miroir bris\u00e9 \u00bb, que ce patrimoine soit pris en consid\u00e9ration, qu\u2019il soit prot\u00e9g\u00e9, pr\u00e9serv\u00e9 et valoris\u00e9 dans le cadre d\u2019un d\u00e9veloppement local et p\u00e9renne, on ne peut que reprendre un fameux slogan en proclamant \u00ab Ne touche pas \u00e0 mon patrimoine \u00bb.<\/p>\n","protected":false},"excerpt":{"rendered":"<p>Par Mustapha LABRAIMI Notre patrimoine est malmen\u00e9. Derni\u00e8rement, des \u00e9v\u00e8nements en relation avec la d\u00e9gradation, voire la d\u00e9molition, de sites historiques class\u00e9s ont fait l\u2019objet d\u2019une couverture m\u00e9diatique \u00e0 tous les niveaux. Apr\u00e8s qu\u2019ils aient \u00e9t\u00e9 ras\u00e9s de la surface topographique ; pour un site, un gouverneur a \u00e9t\u00e9 limog\u00e9 et pour un autre la [&hellip;]<\/p>\n","protected":false},"author":1,"featured_media":5897,"comment_status":"open","ping_status":"open","sticky":false,"template":"","format":"standard","meta":{"footnotes":""},"categories":[18],"tags":[],"class_list":["post-8215","post","type-post","status-publish","format-standard","has-post-thumbnail","hentry","category-point-de-vue"],"_links":{"self":[{"href":"https:\/\/pps.ma\/fr\/wp-json\/wp\/v2\/posts\/8215","targetHints":{"allow":["GET"]}}],"collection":[{"href":"https:\/\/pps.ma\/fr\/wp-json\/wp\/v2\/posts"}],"about":[{"href":"https:\/\/pps.ma\/fr\/wp-json\/wp\/v2\/types\/post"}],"author":[{"embeddable":true,"href":"https:\/\/pps.ma\/fr\/wp-json\/wp\/v2\/users\/1"}],"replies":[{"embeddable":true,"href":"https:\/\/pps.ma\/fr\/wp-json\/wp\/v2\/comments?post=8215"}],"version-history":[{"count":1,"href":"https:\/\/pps.ma\/fr\/wp-json\/wp\/v2\/posts\/8215\/revisions"}],"predecessor-version":[{"id":8216,"href":"https:\/\/pps.ma\/fr\/wp-json\/wp\/v2\/posts\/8215\/revisions\/8216"}],"wp:featuredmedia":[{"embeddable":true,"href":"https:\/\/pps.ma\/fr\/wp-json\/wp\/v2\/media\/5897"}],"wp:attachment":[{"href":"https:\/\/pps.ma\/fr\/wp-json\/wp\/v2\/media?parent=8215"}],"wp:term":[{"taxonomy":"category","embeddable":true,"href":"https:\/\/pps.ma\/fr\/wp-json\/wp\/v2\/categories?post=8215"},{"taxonomy":"post_tag","embeddable":true,"href":"https:\/\/pps.ma\/fr\/wp-json\/wp\/v2\/tags?post=8215"}],"curies":[{"name":"wp","href":"https:\/\/api.w.org\/{rel}","templated":true}]}}