{"id":8335,"date":"2020-11-10T22:47:18","date_gmt":"2020-11-10T22:47:18","guid":{"rendered":"http:\/\/ppsmaroc.com\/fr\/?p=8335"},"modified":"2020-11-10T22:47:19","modified_gmt":"2020-11-10T22:47:19","slug":"produire-marocain-et-consommer-marocain-qui-dira-mieux-qui-voudra-plus","status":"publish","type":"post","link":"https:\/\/pps.ma\/fr\/8335\/","title":{"rendered":"Produire marocain et consommer marocain : qui dira mieux, qui voudra plus ?"},"content":{"rendered":"\n<p><strong><span class=\"has-inline-color has-vivid-cyan-blue-color\">Par Abdeslam Seddiki<\/span><\/strong><\/p>\n\n\n\n<p>S\u2019il y a une le\u00e7on \u00e0 retenir des exp\u00e9riences de d\u00e9veloppement, c\u2019est bien celle-ci&nbsp;: les nations qui se sont d\u00e9velopp\u00e9es et se sont mieux int\u00e9gr\u00e9es par la suite dans le march\u00e9 mondial, sont celles qui ont su dynamiser le march\u00e9 local et valoriser leur potentiel national \u00e0 travers la mobilisation de leurs propres moyens.&nbsp; Le march\u00e9 national constitue \u00e0 la fois un espace de d\u00e9veloppement,&nbsp; un ferment de la souverainet\u00e9 \u00e9conomique&nbsp; et de l\u2019int\u00e9gration nationale.&nbsp; Autrement dit, le march\u00e9 est d\u2019abord national avant d\u2019\u00eatre mondial. Par cons\u00e9quent se jeter pr\u00e9matur\u00e9ment dans les bras du capital international et laisser les portes grandes ouvertes \u00e0 la p\u00e9n\u00e9tration des marchandises de toutes sortes peut conduire \u00e0 l\u2019impasse. La crise actuelle que le monde traverse a montr\u00e9, &nbsp;encore une fois, &nbsp;les limites d\u2019un tel choix.&nbsp; La souverainet\u00e9 \u00e9conomique est devenue le ma\u00eetre mot, avec tout ce que cette notion suppose comme mesures de politiques \u00e9conomiques.<\/p>\n\n\n\n<p>Le Maroc n\u2019est pas absent de cette nouvelle orientation, d\u2019autant plus qu\u2019il fait partie de la cat\u00e9gorie des pays qui n\u2019ont pas tir\u00e9 profit comme il se doit de la mondialisation et des multiples accords de libre-\u00e9change qui le lient avec diff\u00e9rents pays et ensembles r\u00e9gionaux.&nbsp; Ainsi, il est question de plus en plus&nbsp; de la pr\u00e9f\u00e9rence nationale et du recours aux mesures tarifaires pour prot\u00e9ger le tissu \u00e9conomique national d\u2019une concurrence jug\u00e9e d\u00e9loyale. Il s\u2019agit en quelque sorte d\u2019un retour au mod\u00e8le dit d\u2019import-substitution ou d\u2019industries de substitution aux importations.<\/p>\n\n\n\n<p>Il faut rappeler que ce mod\u00e8le a eu d\u00e9j\u00e0 cours dans les ann\u00e9es&nbsp; 60 du si\u00e8cle dernier&nbsp; port\u00e9 par la ferveur de l\u2019ind\u00e9pendance politique et inscrit dans une politique volontariste d\u2019\u00e9dification d\u2019une \u00e9conomie nationale&nbsp; ind\u00e9pendante et \u00ab&nbsp;autocentr\u00e9e&nbsp;\u00bb. Mais ce mod\u00e8le a fait long feu et a \u00e9t\u00e9 vite abandonn\u00e9 au b\u00e9n\u00e9fice d\u2019un mod\u00e8le de croissance&nbsp; orient\u00e9 fondamentalement vers l\u2019exportation en misant sur les vertus de la fameuse loi des \u00ab&nbsp;avantages&nbsp; comparatifs&nbsp;\u00bb ch\u00e8re \u00e0 Ricardo.&nbsp; Cet \u00e9chec du mod\u00e8le d\u2019import substitution est d\u00fb, &nbsp;\u00e0 notre avis, &nbsp;au fait que le Maroc ne s\u2019est pas donn\u00e9 &nbsp;les moyens &nbsp;de sa politique, \u00e0 savoir la mise en place d\u2019une v\u00e9ritable industrialisation qui passe n\u00e9cessairement&nbsp;&nbsp; par la production des biens d\u2019\u00e9quipement et par cons\u00e9quent la cr\u00e9ation d\u2019une base technologique nationale seule \u00e0 m\u00eame de r\u00e9duire les rapports de d\u00e9pendance vis-\u00e0-vis des pays dominants. A cela&nbsp; s\u2019ajoute l\u2019\u00e9troitesse du march\u00e9 int\u00e9rieur qui ne favorisait pas &nbsp;l\u2019\u00e9mergence des \u00e9conomies d\u2019\u00e9chelle exig\u00e9es par &nbsp;une industrie rentable et performante.&nbsp; Pourtant, l\u2019\u00e9largissement du march\u00e9 int\u00e9rieur n\u2019\u00e9tait pas impossible. Il &nbsp;fallait pour cela proc\u00e9der \u00e0 &nbsp;&nbsp;une r\u00e9forme agraire et une transformation&nbsp; du monde rural,&nbsp;&nbsp; \u00e0 une salarisation de la population &nbsp;et &nbsp;\u00e0 une r\u00e9partition&nbsp; \u00e9quilibr\u00e9e des revenus entre le capital et le travail. Mais de telles r\u00e9formes &nbsp;se sont heurt\u00e9es aux blocages politiques et aux int\u00e9r\u00eats de classe qui les sous-tendent sans perdre de vue une certaine &nbsp;connivence d\u2019une partie de la bourgeoisie,&nbsp; qualifi\u00e9e &nbsp;de compradore, avec le capitalisme mondial eu \u00e9gard \u00e0 la convergence de leurs int\u00e9r\u00eats.<\/p>\n\n\n\n<p>Qu\u2019on \u00ab&nbsp;retourne aujourd\u2019hui au pays&nbsp;\u00bb, apr\u00e8s avoir fait le tour du monde, personne ne trouvera \u00e0 redire. Pourvu que ce choix ne soit pas vu comme une simple \u00e9chappatoire ou un abri pour se prot\u00e9ger de la temp\u00eate, mais un choix strat\u00e9gique qui s\u2019inscrit dans une nouvelle dynamique qui est celle du nouveau mod\u00e8le de d\u00e9veloppement, en tirant les enseignements qui s\u2019imposent de nos exp\u00e9riences pr\u00e9c\u00e9dentes.&nbsp; Le pays&nbsp; ne peut plus tenir avec le mod\u00e8le en cours. Il ne peut plus se permettre ce luxe de continuer \u00e0 consommer ce qu\u2019il ne produit pas et de supporter un d\u00e9ficit abyssal de sa balance commerciale.&nbsp; Notre souverainet\u00e9 \u00e9conomique doit \u00eatre notre premi\u00e8re pr\u00e9occupation. Ce faisant, il ne s\u2019agit pas de&nbsp; fermer les portes et de s\u2019isoler. Personne ne peut envisager une telle alternative. Mais entre une ouverture voulue et une ouverture subie, il y a un monde.&nbsp; Des partenariats mutuellement b\u00e9n\u00e9fiques sont \u00e0 encourager et \u00e0 diversifier. La protection de l\u2019entreprise nationale ne doit pas s\u2019\u00e9terniser. Elle ne saurait \u00eatre plus qu\u2019une mesure transitoire&nbsp; le temps que le b\u00e9b\u00e9 grandisse et arrive \u00e0 voler de ses propres ailes. D\u2019o\u00f9 la n\u00e9cessit\u00e9 de se doter des moyens \u00e0 m\u00eame de densifier notre tissu productif et le rendre concurrentiel&nbsp; \u00e0 l\u2019interne et comp\u00e9titif, par la suite, &nbsp;\u00e0 l\u2019international. Le march\u00e9 national est une \u00e9tape d\u2019apprentissage.&nbsp; Il faut des investissements massifs&nbsp; en recherche-d\u00e9veloppement&nbsp; et innovation pour \u00e9difier une \u00e9conomie bas\u00e9e surtout sur le travail complexe mettant fin au \u00ab&nbsp;low-cost&nbsp;\u00bb.<\/p>\n\n\n\n<p>Si le Maroc peine \u00e0 gagner des parts de march\u00e9 \u00e0 l\u2019international, c\u2019est&nbsp; gr\u00e2ce surtout \u00e0 cette politique de \u00ab&nbsp;low-cost&nbsp;\u00bb entrainant dans son sillage &nbsp;la pr\u00e9carisation de la force du travail. Le contenu technologique de nos exportations&nbsp; \u00e9volue tr\u00e8s lentement. Ainsi, les exportations bas\u00e9es sur la haute technologie ont vu&nbsp; leur part stagner \u00e0 un niveau ridiculement bas dans le commerce mondial, soit \u00e0 peine 0,05%, quand les produits \u00e0 faible technologie repr\u00e9sentent 0,4%. Seuls les produits &nbsp;\u00e0 technologie moyenne, correspondant aux m\u00e9tiers mondiaux du Maroc, ont vu leur part s\u2019am\u00e9liorer de 0,06% en 2000 \u00e0 0,24% en 2007. D\u2019un autre c\u00f4t\u00e9, nos exportations ont un contenu \u00e9lev\u00e9 en importations qui d\u00e9passe pour certaines branches 50%. En d\u2019autres termes, &nbsp;pour exporter 100 $ on doit importer 50 $. Ce qui r\u00e9duit d\u2019autant les gains pour le pays et occasionne des fuites vers l\u2019ext\u00e9rieur.&nbsp;&nbsp; Ces importations induites se composent essentiellement des demi-produits et des biens d\u2019\u00e9quipement finis.<\/p>\n\n\n\n<p>La le\u00e7on \u00e0 retenir est claire comme l\u2019eau de roche\u00a0: le pays doit mettre \u00e0 profit cette nouvelle orientation pour r\u00e9duire sa d\u00e9pendance vis-\u00e0-vis de l\u2019ext\u00e9rieur non seulement en\u00a0 produits de consommation courante, mais aussi et surtout en biens d\u2019\u00e9quipement.\u00a0 La Cor\u00e9e du Sud, le Vietnam et d\u2019autres pays encore, montr\u00e9s aujourd\u2019hui en exemple, sont pass\u00e9s par l\u00e0.<\/p>\n","protected":false},"excerpt":{"rendered":"<p>Par Abdeslam Seddiki S\u2019il y a une le\u00e7on \u00e0 retenir des exp\u00e9riences de d\u00e9veloppement, c\u2019est bien celle-ci&nbsp;: les nations qui se sont d\u00e9velopp\u00e9es et se sont mieux int\u00e9gr\u00e9es par la suite dans le march\u00e9 mondial, sont celles qui ont su dynamiser le march\u00e9 local et valoriser leur potentiel national \u00e0 travers la mobilisation de leurs [&hellip;]<\/p>\n","protected":false},"author":1,"featured_media":7337,"comment_status":"closed","ping_status":"open","sticky":false,"template":"","format":"standard","meta":{"footnotes":""},"categories":[18],"tags":[],"class_list":["post-8335","post","type-post","status-publish","format-standard","has-post-thumbnail","hentry","category-point-de-vue"],"_links":{"self":[{"href":"https:\/\/pps.ma\/fr\/wp-json\/wp\/v2\/posts\/8335","targetHints":{"allow":["GET"]}}],"collection":[{"href":"https:\/\/pps.ma\/fr\/wp-json\/wp\/v2\/posts"}],"about":[{"href":"https:\/\/pps.ma\/fr\/wp-json\/wp\/v2\/types\/post"}],"author":[{"embeddable":true,"href":"https:\/\/pps.ma\/fr\/wp-json\/wp\/v2\/users\/1"}],"replies":[{"embeddable":true,"href":"https:\/\/pps.ma\/fr\/wp-json\/wp\/v2\/comments?post=8335"}],"version-history":[{"count":1,"href":"https:\/\/pps.ma\/fr\/wp-json\/wp\/v2\/posts\/8335\/revisions"}],"predecessor-version":[{"id":8336,"href":"https:\/\/pps.ma\/fr\/wp-json\/wp\/v2\/posts\/8335\/revisions\/8336"}],"wp:featuredmedia":[{"embeddable":true,"href":"https:\/\/pps.ma\/fr\/wp-json\/wp\/v2\/media\/7337"}],"wp:attachment":[{"href":"https:\/\/pps.ma\/fr\/wp-json\/wp\/v2\/media?parent=8335"}],"wp:term":[{"taxonomy":"category","embeddable":true,"href":"https:\/\/pps.ma\/fr\/wp-json\/wp\/v2\/categories?post=8335"},{"taxonomy":"post_tag","embeddable":true,"href":"https:\/\/pps.ma\/fr\/wp-json\/wp\/v2\/tags?post=8335"}],"curies":[{"name":"wp","href":"https:\/\/api.w.org\/{rel}","templated":true}]}}