{"id":8395,"date":"2020-12-29T16:09:04","date_gmt":"2020-12-29T16:09:04","guid":{"rendered":"http:\/\/ppsmaroc.com\/fr\/?p=8395"},"modified":"2020-12-29T16:11:22","modified_gmt":"2020-12-29T16:11:22","slug":"annus-horribilis","status":"publish","type":"post","link":"https:\/\/pps.ma\/fr\/8395\/","title":{"rendered":"Annus horribilis"},"content":{"rendered":"\n<p id=\"E76\"><strong><span class=\"has-inline-color has-vivid-cyan-blue-color\">Par Abdeslam Seddiki<\/span><\/strong><\/p>\n\n\n\n<p id=\"E78\">Le monde s\u2019appr\u00eate \u00e0 c\u00e9l\u00e9brer la nouvelle ann\u00e9e 2021. Celle qui s\u2019ach\u00e8ve peut \u00eatre class\u00e9e parmi les ann\u00e9es noires des deux derniers si\u00e8cles. Son bilan est n\u00e9gatif aussi bien sur le plan social qu\u2019\u00e9conomique. Et le processus est loin de prendre fin. Est-ce \u00e0 dire que c\u2019est une ann\u00e9e \u00e0 oublier&nbsp;? Non, ce n\u2019est pas possible, l\u2019histoire n\u2019est pas effa\u00e7able. Elle est grav\u00e9e dans le disque dur. La vie n\u2019est pas toujours ce fleuve qui coule tranquillement. Nonobstant ce que nous avons endur\u00e9, individuellement et collectivement, cette ann\u00e9e 2020 a \u00e9t\u00e9 riche en enseignements.<\/p>\n\n\n\n<p id=\"E100\">La crise sanitaire a frapp\u00e9 durement. Sans distinction de sexe, de cat\u00e9gorie sociale ou de pays. Aucun Etat, aussi puissant soit-il, n\u2019a trouv\u00e9 la parade pour la contenir. Ironie du sort, pour une fois les Etats riches comme les Etats pauvres ont lutt\u00e9 \u00e0 \u00ab&nbsp;armes \u00e9gales&nbsp;\u00bb, du moins pendant la premi\u00e8re phase&nbsp;: ils ont tous eu recours \u00e0 la pratique du confinement qui renvoie aux m\u00e9thodes utilis\u00e9es au Moyen-\u00e2ge. Cela incite \u00e0 plus d\u2019humilit\u00e9 et de modestie. Des puissances mondiales qui ont r\u00e9alis\u00e9 des prouesses technologiques, ont conquis l\u2019espace et enregistr\u00e9 des avanc\u00e9es majeures dans les domaines num\u00e9riques, se sont trouv\u00e9es en manque de produits basiques pour se prot\u00e9ger du virus, en l\u2019occurrence le masque et le gel hydroalcoolique. On s\u2019est retrouv\u00e9 face \u00e0 une v\u00e9ritable \u00ab&nbsp;anomalie&nbsp;\u00bb pour emprunter le titre du Goncourt 2020 de Herv\u00e9 Le Tellier.<\/p>\n\n\n\n<p id=\"E144\">Les donn\u00e9es arr\u00eat\u00e9es au 27 d\u00e9cembre donnent quelques frayeurs&nbsp;: la pand\u00e9mie du Covid-19 a caus\u00e9 au niveau mondial pr\u00e8s de 1&nbsp;800 000 d\u00e9c\u00e8s et plus de 81 millions de contamin\u00e9s. Le Maroc, \u00e0 lui seul, d\u00e9plore 7 240 d\u00e9c\u00e8s et enregistre 432 000 contamin\u00e9s. Ces chiffres auraient pu \u00eatre beaucoup plus graves n\u2019eussent \u00e9t\u00e9 les mesures draconiennes prises au niveau des diff\u00e9rents pays allant jusqu\u2019au confinement total et la fermeture des fronti\u00e8res. La plupart des pays, dont le Maroc, ont d\u00e8s le d\u00e9but de la pand\u00e9mie favoris\u00e9 la protection des vies humaines au d\u00e9triment de l\u2019\u00e9conomie. Ayant appris progressivement \u00e0 vivre avec le Virus, nous avons cherch\u00e9 un \u00e9quilibre entre la pr\u00e9servation des vies humaines et la reprise de l\u2019activit\u00e9. Cependant cet \u00e9quilibre s\u2019est r\u00e9v\u00e9l\u00e9 fragile et a donn\u00e9 lieu \u00e0 des r\u00e9ajustements r\u00e9guliers suscitant parfois des incompr\u00e9hensions, voire des oppositions.<\/p>\n\n\n\n<p id=\"E171\">Durant cette p\u00e9riode exceptionnelle, nous nous sommes renouvel\u00e9s, avons fait preuve d\u2019imagination pour apporter des \u00e9l\u00e9ments de r\u00e9ponses \u00e0 des probl\u00e9matiques in\u00e9dites. En ce sens, nous avons assist\u00e9 \u00e0 l\u2019\u00e9mergence d\u2019une nouvelle \u00ab&nbsp;normalit\u00e9&nbsp;\u00bb&nbsp;: confinement, ch\u00f4mage partiel, t\u00e9l\u00e9travail, biens communs, pr\u00eats garantis par l\u2019Etat, plans de relance envahissent notre quotidien\u2026 Le corollaire en est l\u2019\u00e9vaporation de certains dogmes&nbsp;: d\u00e9ficit budg\u00e9taire, seuil d\u2019endettement, niveau d\u2019intervention de l\u2019Etat. A tel point que nul ne remet en cause ce changement de paradigme y compris dans les milieux ultra-lib\u00e9raux qui pr\u00f4naient jadis le moins d\u2019Etat, la v\u00e9rit\u00e9 des prix, et tra\u00e7aient des lignes rouges \u00e0 ne pas d\u00e9passer en mati\u00e8re<\/p>\n\n\n\n<p>d\u2019\u00e9quilibres macro-\u00e9conomiques.<\/p>\n\n\n\n<p id=\"E205\">Finalement l\u2019ann\u00e9e 2020 aura au moins prouv\u00e9 que Socrate avait raison quand il affirmait il y a d\u00e9j\u00e0 plus de deux mille ans : \u00ab Tout ce que je sais, c\u2019est que je ne sais rien, tandis que les autres croient savoir ce qu\u2019ils ne savent pas \u00bb.<\/p>\n\n\n\n<p id=\"E219\">Fort heureusement, l\u2019ann\u00e9e se termine sous de meilleurs auspices&nbsp;: l\u2019espoir est permis avec la mise en \u0153uvre des vaccins anti-covid. Notre pays sera parmi les premiers \u00e0 proc\u00e9der au vaccin des citoyens \u00e2g\u00e9s de plus de 18 ans, soit une population de 25 millions. Un signe de soulagement.<br>Sur le plan politique, le Maroc a v\u00e9cu un mois de d\u00e9cembre historique. Des acquis remarquables ont \u00e9t\u00e9 enregistr\u00e9s en faveur de notre question nationale, suite notamment \u00e0 la reconnaissance par les Etats-Unis de notre enti\u00e8re souverainet\u00e9 sur l\u2019ensemble de nos provinces sahariennes. Cette victoire vient couronner la constance de la mobilisation du peuple marocain et l\u2019engagement ind\u00e9fectible du Roi pour l\u2019int\u00e9grit\u00e9 territoriale.<br>Cette dynamique devrait nous permettre d\u2019engranger dans un avenir proche d\u2019autres victoires et converger enfin vers une solution d\u00e9finitive de ce diff\u00e9rend artificiel. Ce faisant, nous pourrons concentrer tous nos efforts sur le d\u00e9veloppement du pays en vue de l\u2019am\u00e9lioration du niveau de vie de tous les Marocains.<\/p>\n\n\n\n<p id=\"E261\">L\u2019ann\u00e9e qui s\u2019ouvre sera donc d\u00e9cisive. Elle doit \u00eatre tourn\u00e9e vers la relance certes, mais plus encore vers les r\u00e9formes pour r\u00e9soudre les probl\u00e8mes que nous avons laiss\u00e9s s\u2019accumuler. En s\u2019inspirant de cette maxime de G\u00f6ran Personn, Premier ministre social-d\u00e9mocrate qui modernisa le mod\u00e8le su\u00e9dois dans les ann\u00e9es 1990 : \u00ab Il ne faut jamais laisser perdre la chance d\u2019une grande crise \u00bb<\/p>\n\n\n\n<p id=\"E279\">Les attentes pour 2021&nbsp; sont l\u00e0 et s\u2019imposent \u00e0 nous dans l\u2019espoir que le vaccin permette de vaincre le coronavirus. Le rebond attendu de l\u2019\u00e9conomie doit profiter en premier lieu \u00e0 celles et ceux qui \u00e9taient en premi\u00e8re ligne dans la lutte contre la pand\u00e9mie et aux couches sociales qui ont le plus p\u00e2ti de la crise. Le \u00ab&nbsp;Maroc d\u2019apr\u00e8s&nbsp;\u00bb dont on ne cesse de parler doit se concr\u00e9tiser avec l\u2019organisation des prochaines \u00e9lections qui devraient avoir lieu courant 2021 et d\u00e9boucher, esp\u00e9rons-le, sur une v\u00e9ritable alternance men\u00e9e par un front d\u00e9mocratique de progr\u00e8s qui soit \u00e0 m\u00eame de porter le nouveau mod\u00e8le de d\u00e9veloppement, en phase avec la Constitution de 2011.<\/p>\n","protected":false},"excerpt":{"rendered":"<p>Par Abdeslam Seddiki Le monde s\u2019appr\u00eate \u00e0 c\u00e9l\u00e9brer la nouvelle ann\u00e9e 2021. Celle qui s\u2019ach\u00e8ve peut \u00eatre class\u00e9e parmi les ann\u00e9es noires des deux derniers si\u00e8cles. Son bilan est n\u00e9gatif aussi bien sur le plan social qu\u2019\u00e9conomique. Et le processus est loin de prendre fin. Est-ce \u00e0 dire que c\u2019est une ann\u00e9e \u00e0 oublier&nbsp;? Non, [&hellip;]<\/p>\n","protected":false},"author":1,"featured_media":7337,"comment_status":"closed","ping_status":"open","sticky":false,"template":"","format":"standard","meta":{"footnotes":""},"categories":[18],"tags":[],"class_list":["post-8395","post","type-post","status-publish","format-standard","has-post-thumbnail","hentry","category-point-de-vue"],"_links":{"self":[{"href":"https:\/\/pps.ma\/fr\/wp-json\/wp\/v2\/posts\/8395","targetHints":{"allow":["GET"]}}],"collection":[{"href":"https:\/\/pps.ma\/fr\/wp-json\/wp\/v2\/posts"}],"about":[{"href":"https:\/\/pps.ma\/fr\/wp-json\/wp\/v2\/types\/post"}],"author":[{"embeddable":true,"href":"https:\/\/pps.ma\/fr\/wp-json\/wp\/v2\/users\/1"}],"replies":[{"embeddable":true,"href":"https:\/\/pps.ma\/fr\/wp-json\/wp\/v2\/comments?post=8395"}],"version-history":[{"count":1,"href":"https:\/\/pps.ma\/fr\/wp-json\/wp\/v2\/posts\/8395\/revisions"}],"predecessor-version":[{"id":8396,"href":"https:\/\/pps.ma\/fr\/wp-json\/wp\/v2\/posts\/8395\/revisions\/8396"}],"wp:featuredmedia":[{"embeddable":true,"href":"https:\/\/pps.ma\/fr\/wp-json\/wp\/v2\/media\/7337"}],"wp:attachment":[{"href":"https:\/\/pps.ma\/fr\/wp-json\/wp\/v2\/media?parent=8395"}],"wp:term":[{"taxonomy":"category","embeddable":true,"href":"https:\/\/pps.ma\/fr\/wp-json\/wp\/v2\/categories?post=8395"},{"taxonomy":"post_tag","embeddable":true,"href":"https:\/\/pps.ma\/fr\/wp-json\/wp\/v2\/tags?post=8395"}],"curies":[{"name":"wp","href":"https:\/\/api.w.org\/{rel}","templated":true}]}}