{"id":8456,"date":"2021-03-20T20:50:26","date_gmt":"2021-03-20T20:50:26","guid":{"rendered":"http:\/\/ppsmaroc.com\/fr\/?p=8456"},"modified":"2021-03-20T20:50:26","modified_gmt":"2021-03-20T20:50:26","slug":"le-maroc-entre-changement-et-inertie-un-nouvel-ouvrage-du-pr-abdeslam-seddiki","status":"publish","type":"post","link":"https:\/\/pps.ma\/fr\/8456\/","title":{"rendered":"\u00ab Le Maroc, entre changement et inertie \u00bb, un nouvel ouvrage du Pr Abdeslam Seddiki"},"content":{"rendered":"<div class=\"su-button-center\"><a href=\"http:\/\/ppsmaroc.com\/ar\/wp-content\/uploads\/2020\/06\/Le-Maroc-entre-changement-et-inertie-.pdf\" class=\"su-button su-button-style-flat\" style=\"color:#ffffff;background-color:#378cf3;border-color:#2c70c3;border-radius:5px\" target=\"_self\"><span style=\"color:#ffffff;padding:7px 20px;font-size:16px;line-height:24px;border-color:#73aff7;border-radius:5px;text-shadow:none\"><i class=\"sui sui-arrow-circle-down\" style=\"font-size:16px;color:#ffffff\"><\/i> T\u00e9l\u00e9charger l&rsquo;ouvrage en PDF <\/span><\/a><\/div>\n<p>\u00ab Le Maroc, entre changement et inertie \u00bb est le tire de l\u2019ouvrage que vient de publier le Professeur Abdeslam Seddiki. Cette publication,  dans sa version \u00e9lectronique, est retard\u00e9e de pr\u00e8s d\u2019un an en raison des contraintes dues  \u00e0 la pand\u00e9mie covid-19. Elle reprend les chroniques publi\u00e9es d\u2019une fa\u00e7on hebdomadaire  par l\u2019auteur au cours de l\u2019ann\u00e9e 2019, et qui touchent aux diff\u00e9rentes probl\u00e9matiques  de l\u2019actualit\u00e9 marocaine. Ainsi, la c\u00e9l\u00e9bration par le peuple marocain du XX\u00e8me anniversaire de l\u2019intronisation  du Roi a retenu l\u2019attention de l\u2019auteur en lui consacrant une longue chronique publi\u00e9e  en ouverture de l\u2019ouvrage, dans laquelle il passe en revue, d\u2019une fa\u00e7on analytique, les  r\u00e9alisations accomplies  par le Maroc au cours de ces  deux d\u00e9cennies dans diff\u00e9rents domaines sans omettre de souligner les  d\u00e9fis auxquels il doit faire face \u00e0 l\u2019avenir.<\/p>\n<p>\u00ab Le bilan de ce qu\u2019a accompli le Maroc ces deux derni\u00e8res d\u00e9cennies, \u00e9crit-il, est largement positif et ses retomb\u00e9es sont visibles. Le Maroc d\u2019aujourd\u2019hui est totalement diff\u00e9rent de celui du d\u00e9but du mill\u00e9naire. Mais comme tout d\u00e9veloppement est contradictoire, ce progr\u00e8s n\u2019a pas touch\u00e9 de la m\u00eame mani\u00e8re l\u2019ensemble des Marocains et la totalit\u00e9 des R\u00e9gions du Royaume. D\u2019ailleurs, le Roi est le premier \u00e0 le reconnaitre en soulignant l\u2019essoufflement de l\u2019actuel mod\u00e8le de d\u00e9veloppement et en appelant les institutions majeures du pays \u00e0 r\u00e9fl\u00e9chir  \u00e0 un nouveau mod\u00e8le de d\u00e9veloppement qui soit ax\u00e9 sur l\u2019inclusion sociale et la satisfaction des besoins fondamentaux de la population \u00bb, \u00e9crivait-il. Et Seddiki de pr\u00e9ciser dans son avant-propos \u00ab Malheureusement cette volont\u00e9 royale d\u2019aller de l\u2019avant et de faire du Maroc une force r\u00e9gionale \u00e9mergente, ne s\u2019est pas accompagn\u00e9e par une mobilisation de tous les acteurs concern\u00e9s et notamment au niveau  des \u00e9lites susceptibles de porter et de soutenir le  changement \u00bb<\/p>\n<p>C\u2019est la m\u00eame d\u00e9marche suivie par le Professeur Seddiki, qui a \u00e9t\u00e9,  rappelons-le, Ministre de l\u2019Emploi et des Affaires Sociales entre 2013 et 2017, dans l\u2019ensemble de ses \u00e9crits. Le lecteur pourra s\u2019en rendre compte en lisant ses chroniques  regroup\u00e9es dans cet ouvrage  ou celles publi\u00e9es pr\u00e9c\u00e9demment sous le titre \u00ab Positions et Propositions \u00bb.  Il \u00e9crit avec conviction et engagement tout en demeurant ouvert au d\u00e9bat scientifique et d\u00e9mocratique. \u00ab En mettant ainsi \u00e0 la disposition des lectrices et des lecteurs cette publication, nous souhaitons attirer leur int\u00e9r\u00eat  pour les affaires de la cit\u00e9   et susciter en eux suffisamment de curiosit\u00e9 intellectuelle et de critique constructive.  Pour ma part,  Je resterai attentif aux  remarques et critiques,   d\u2019o\u00f9 qu\u2019elles viennent,  et j\u2019esp\u00e8re qu\u2019elles  seront nombreuses.  <\/p>\n<p>Je r\u00e9alise l\u2019enjeu de l\u2019\u00e9criture que je consid\u00e8re comme une forme de militantisme \u00bb.<br \/>\nEcrire, c\u2019est militer et partager, c\u2019est aussi faire preuve d\u2019humilit\u00e9 et de responsabilit\u00e9. Le professeur Seddiki s\u2019est astreint \u00e0 ces exigences, y compris pour justifier le titre de sa publication. Ainsi s\u2019explique-t-il : \u00ab  il nous semble utile de justifier le choix du titre de cet ouvrage qui est  \u00ab le Maroc entre changement et inertie \u00bb. En effet,  tout observateur attentif et un tant soit peu objectif  de la  soci\u00e9t\u00e9 marocaine ne manquera pas de relever  cette r\u00e9alit\u00e9 ambivalente : d\u2019un c\u00f4t\u00e9, on constate une dynamique  de changement \u00e0 tous les niveaux avec une volont\u00e9 politique clairement exprim\u00e9e ; d\u2019un autre c\u00f4t\u00e9, on rel\u00e8ve des signes  de r\u00e9sistance au changement et des comportements conservateurs qui donnent l\u2019impression que le pays est en train de faire du \u00ab surplace \u00bb. Une forme d\u2019agitation dans l\u2019immobilisme.  Ce dilemme freine s\u00e9rieusement l\u2019\u00e9volution du pays et r\u00e9duit ses chances d\u2019\u00e9merger dans les plus brefs d\u00e9lais. <\/p>\n<p>Ainsi, \u00e0 chaque fois que le pays entame une r\u00e9forme de structure vitale pour la soci\u00e9t\u00e9, on assiste \u00e0 une lev\u00e9e de boucliers de la part des forces hostiles au progr\u00e8s ou des  forces qui tiennent \u00e0 sauvegarder leurs int\u00e9r\u00eats bien \u00e9tablis et \u00e0 perp\u00e9tuer les situations de rente \u00bb.<\/p>\n<div class=\"su-button-center\"><a href=\"http:\/\/ppsmaroc.com\/ar\/wp-content\/uploads\/2020\/06\/Le-Maroc-entre-changement-et-inertie-.pdf\" class=\"su-button su-button-style-flat\" style=\"color:#ffffff;background-color:#378cf3;border-color:#2c70c3;border-radius:5px\" target=\"_self\"><span style=\"color:#ffffff;padding:7px 20px;font-size:16px;line-height:24px;border-color:#73aff7;border-radius:5px;text-shadow:none\"><i class=\"sui sui-arrow-circle-down\" style=\"font-size:16px;color:#ffffff\"><\/i> T\u00e9l\u00e9charger l&rsquo;ouvrage en PDF <\/span><\/a><\/div>\n","protected":false},"excerpt":{"rendered":"<p>\u00ab Le Maroc, entre changement et inertie \u00bb est le tire de l\u2019ouvrage que vient de publier le Professeur Abdeslam Seddiki. Cette publication, dans sa version \u00e9lectronique, est retard\u00e9e de pr\u00e8s d\u2019un an en raison des contraintes dues \u00e0 la pand\u00e9mie covid-19. Elle reprend les chroniques publi\u00e9es d\u2019une fa\u00e7on hebdomadaire par l\u2019auteur au cours de [&hellip;]<\/p>\n","protected":false},"author":1,"featured_media":7666,"comment_status":"closed","ping_status":"closed","sticky":false,"template":"","format":"standard","meta":{"footnotes":""},"categories":[3,18],"tags":[],"class_list":["post-8456","post","type-post","status-publish","format-standard","has-post-thumbnail","hentry","category-actualites","category-point-de-vue"],"_links":{"self":[{"href":"https:\/\/pps.ma\/fr\/wp-json\/wp\/v2\/posts\/8456","targetHints":{"allow":["GET"]}}],"collection":[{"href":"https:\/\/pps.ma\/fr\/wp-json\/wp\/v2\/posts"}],"about":[{"href":"https:\/\/pps.ma\/fr\/wp-json\/wp\/v2\/types\/post"}],"author":[{"embeddable":true,"href":"https:\/\/pps.ma\/fr\/wp-json\/wp\/v2\/users\/1"}],"replies":[{"embeddable":true,"href":"https:\/\/pps.ma\/fr\/wp-json\/wp\/v2\/comments?post=8456"}],"version-history":[{"count":1,"href":"https:\/\/pps.ma\/fr\/wp-json\/wp\/v2\/posts\/8456\/revisions"}],"predecessor-version":[{"id":8457,"href":"https:\/\/pps.ma\/fr\/wp-json\/wp\/v2\/posts\/8456\/revisions\/8457"}],"wp:featuredmedia":[{"embeddable":true,"href":"https:\/\/pps.ma\/fr\/wp-json\/wp\/v2\/media\/7666"}],"wp:attachment":[{"href":"https:\/\/pps.ma\/fr\/wp-json\/wp\/v2\/media?parent=8456"}],"wp:term":[{"taxonomy":"category","embeddable":true,"href":"https:\/\/pps.ma\/fr\/wp-json\/wp\/v2\/categories?post=8456"},{"taxonomy":"post_tag","embeddable":true,"href":"https:\/\/pps.ma\/fr\/wp-json\/wp\/v2\/tags?post=8456"}],"curies":[{"name":"wp","href":"https:\/\/api.w.org\/{rel}","templated":true}]}}