{"id":8523,"date":"2021-05-07T01:19:02","date_gmt":"2021-05-07T01:19:02","guid":{"rendered":"https:\/\/ppsmaroc.com\/fr\/?p=8523"},"modified":"2021-05-07T01:19:38","modified_gmt":"2021-05-07T01:19:38","slug":"entre-le-previsible-et-linattendu","status":"publish","type":"post","link":"https:\/\/pps.ma\/fr\/8523\/","title":{"rendered":"Entre le pr\u00e9visible et l\u2019inattendu"},"content":{"rendered":"<p>A d\u00e9faut de pouvoir affronter les contraintes du pr\u00e9sent, sans aucune capacit\u00e9 d\u2019action pour \u00e9largir les horizons vers l\u2019avenir, une nostalgie maladive est en train de se r\u00e9pandre. Pour certains, il ne reste qu\u2019\u00e0 puiser dans le pass\u00e9 afin de maintenir une flamme int\u00e9rieure qui s\u2019\u00e9teint chaque jour davantage, sous des cendres am\u00e8res et grisonnantes. Tel semble \u00eatre le positionnement d\u2019une cat\u00e9gorie de la population qui magnifie le pass\u00e9 pour \u00e9viter d\u2019assumer ses responsabilit\u00e9s pr\u00e9sentes.<\/p>\n<p>Cette partie de la population, qui est devenue nostalgique de son pass\u00e9, a vomi ses r\u00eaves pour vivre dans une \u00ab acceptation de l\u2019inacceptable \u00bb. Elle croyait que le changement se r\u00e9alisera tel qu\u2019il a \u00e9t\u00e9 r\u00eav\u00e9, un lendemain meilleur pour tous r\u00e9alis\u00e9 d\u00e8s son annonce. Mais d\u00e9\u00e7ue par les ratages de la r\u00e9forme, devant l\u2019aspect m\u00e9andriforme du processus d\u00e9mocratique, le constat des retards apport\u00e9s \u00e0 la r\u00e9alisation des mots d\u2019ordre et des promesses inscrits dans les programmes et les discours partisans ou officiels ; elle s\u2019est recroquevill\u00e9e sur elle-m\u00eame d\u2019autant plus que personne ne voulait lui consacrer du temps pour expliquer la r\u00e9alit\u00e9 v\u00e9cue, le pourquoi des choses et le comment des comportements ! Ne voulant pas se rendre \u00e0 l\u2019adversaire, elle a fini par perdre sa motivation et son enthousiasme. \u00ab Dans son vinaigre \u00bb, elle s\u2019est aigrie et dans sa r\u00e9sistance elle s\u2019est abstenue de toute participation au \u00ab jeu d\u00e9mocratique \u00bb tel qu\u2019il est issu du rapport des forces. Elle reste attach\u00e9e \u00e0 \u00ab son exigence d\u00e9mocratique \u00bb ; mais toujours dans la critique et la contestation. Faute de d\u00e9bat public qui pourrait emporter la conviction, et devant l\u2019apathie des masses populaires \u00e0 leurs discussions sans fins sur les concepts, les relations dialectiques, la d\u00e9rive des acteurs politiques, cette partie de la population se demande si l\u2019origine du mal ne se situe pas au niveau du peuple lui-m\u00eame. Cette pente raide vers l\u2019ab\u00eeme totalitaire aboutit \u00e0 une haine destructrice, \u00e0 une hostilit\u00e9 du pr\u00e9sent et \u00e0 un m\u00e9pris de l\u2019engagement et de l\u2019action politiques.<\/p>\n<p>Il est temps de rappeler que le parcours de cette partie de la population ne s\u2019est pas fait sans sacrifices, sans emb\u00fbches et sans encombre. Elle a pu vaincre des difficult\u00e9s certaines pour acc\u00e9der au savoir, \u00e0 la dignit\u00e9 du travail et \u00e0 la f\u00e9licit\u00e9 de la famille, aussi nucl\u00e9aire soit-elle. Elle s\u2019est faite par elle-m\u00eame, \u00e0 la sueur du front et par la force du poignet. Son chemin, aussi personnel qu\u2019il soit, s\u2019est crois\u00e9 avec d\u2019autres pour converger ensemble dans la lutte pour un Maroc meilleur. Le contexte ne s\u2019y pr\u00eatait pas toujours \u00e0 part le besoin de la soci\u00e9t\u00e9 en cadres dans tous les secteurs et en main d\u2019\u0153uvre qualifi\u00e9e. L\u2019action politique \u00e9tait soumise \u00e0 la \u00ab politique du davier \u00bb et le militantisme fleurissait dans<\/p>\n<p>l\u2019ombre, nourri par l\u2019abn\u00e9gation, le d\u00e9vouement et l\u2019enthousiasme. La sortie relative de cet \u00e9tat, qui allait conduire la nation \u00ab \u00e0 la crise cardiaque \u00bb, n\u2019a pas r\u00e9pondue comme il se doit \u00e0 toutes les expectatives.<\/p>\n<p>Que r\u00e9pondre \u00e0 cette partie de la population ; sinon que c\u2019est dans cet \u00e9quilibre d\u00e9crit entre \u00ab \u2026 l\u2019examen des \u00e9volutions, des accumulations, des tendances politiques, des potentialit\u00e9s, voire des avanc\u00e9es et des ruptures qui se seraient affirm\u00e9es \u00e0 diff\u00e9rents niveaux au cours des vingt-cinq derni\u00e8res ann\u00e9es et qui vont dans le sens de la transformation (\u2026) et d\u00e9pister les involutions, les vaines agitations, les faux mouvements, les rendez-vous \u00e9gar\u00e9s, les blocages, voire les r\u00e9gressions, en somme, l\u2019ensemble des ph\u00e9nom\u00e8nes allant dans le sens de la conservation du syst\u00e8me en l\u2019\u00e9tat. \u00bb que se trouve le d\u00e9passement de la \u00ab mis\u00e8re de la politique \u00bb qui ne cesse malheureusement de se r\u00e9pandre. Dans un contexte de crises multiformes e renforcement du caract\u00e8re fonctionnel des organisations politiques r\u00e9pond au d\u00e9fi de la valeur de leur repr\u00e9sentativit\u00e9 et de leur capacit\u00e9, tout en d\u00e9veloppant un projet de soci\u00e9t\u00e9 qui leur est sp\u00e9cifique, \u00e0 animer l\u2019ajustement du rapport de forces entre les nantis et les d\u00e9favoris\u00e9s, entre les notabilit\u00e9s de l\u2019\u00e9l\u00e9gerocratie et les enfants du peuple, entre un statuquo inhibiteur et une transformation \u00e9mancipatrice. A cela la participation de \u00ab cette partie de la population \u00bb est n\u00e9cessaire sans qu\u2019elle soit suffisante.<\/p>\n<p>L\u2019\u00e9tablissement des conditions qui peuvent satisfaire la formation d\u2019une opinion publique capable de faire aboutir une d\u00e9cision politique passe par la mise en \u0153uvre d\u2019un nouveau mod\u00e8le de d\u00e9veloppement o\u00f9 les droits constitutionnels reconnus des personnes et des collectivit\u00e9s sont mis en \u0153uvre. Entre le pr\u00e9visible et l\u2019inattendu, l\u2019effort national doit int\u00e9resser l\u2019ensemble des forces productives nationales pour effacer l\u2019endettement accumul\u00e9, relancer et assurer la croissance, garantir le d\u00e9veloppement et partager le bien\u00eatre. Si dans la fable \u00ab rien ne sert de courir, il faut partir \u00e0 point \u00bb, dans notre r\u00e9alit\u00e9, personne ne devra se mettre dans le r\u00f4le de la cigale et affaiblir le travail des fourmis.<\/p>\n","protected":false},"excerpt":{"rendered":"<p>A d\u00e9faut de pouvoir affronter les contraintes du pr\u00e9sent, sans aucune capacit\u00e9 d\u2019action pour \u00e9largir les horizons vers l\u2019avenir, une nostalgie maladive est en train de se r\u00e9pandre. Pour certains, il ne reste qu\u2019\u00e0 puiser dans le pass\u00e9 afin de maintenir une flamme int\u00e9rieure qui s\u2019\u00e9teint chaque jour davantage, sous des cendres am\u00e8res et grisonnantes. [&hellip;]<\/p>\n","protected":false},"author":1,"featured_media":5897,"comment_status":"closed","ping_status":"closed","sticky":false,"template":"","format":"standard","meta":{"footnotes":""},"categories":[18],"tags":[],"class_list":["post-8523","post","type-post","status-publish","format-standard","has-post-thumbnail","hentry","category-point-de-vue"],"_links":{"self":[{"href":"https:\/\/pps.ma\/fr\/wp-json\/wp\/v2\/posts\/8523","targetHints":{"allow":["GET"]}}],"collection":[{"href":"https:\/\/pps.ma\/fr\/wp-json\/wp\/v2\/posts"}],"about":[{"href":"https:\/\/pps.ma\/fr\/wp-json\/wp\/v2\/types\/post"}],"author":[{"embeddable":true,"href":"https:\/\/pps.ma\/fr\/wp-json\/wp\/v2\/users\/1"}],"replies":[{"embeddable":true,"href":"https:\/\/pps.ma\/fr\/wp-json\/wp\/v2\/comments?post=8523"}],"version-history":[{"count":2,"href":"https:\/\/pps.ma\/fr\/wp-json\/wp\/v2\/posts\/8523\/revisions"}],"predecessor-version":[{"id":8525,"href":"https:\/\/pps.ma\/fr\/wp-json\/wp\/v2\/posts\/8523\/revisions\/8525"}],"wp:featuredmedia":[{"embeddable":true,"href":"https:\/\/pps.ma\/fr\/wp-json\/wp\/v2\/media\/5897"}],"wp:attachment":[{"href":"https:\/\/pps.ma\/fr\/wp-json\/wp\/v2\/media?parent=8523"}],"wp:term":[{"taxonomy":"category","embeddable":true,"href":"https:\/\/pps.ma\/fr\/wp-json\/wp\/v2\/categories?post=8523"},{"taxonomy":"post_tag","embeddable":true,"href":"https:\/\/pps.ma\/fr\/wp-json\/wp\/v2\/tags?post=8523"}],"curies":[{"name":"wp","href":"https:\/\/api.w.org\/{rel}","templated":true}]}}