{"id":9192,"date":"2023-03-30T17:29:15","date_gmt":"2023-03-30T17:29:15","guid":{"rendered":"https:\/\/pps.ma\/fr\/?p=9192"},"modified":"2023-03-30T17:29:15","modified_gmt":"2023-03-30T17:29:15","slug":"cest-dans-les-periodes-difficiles-que-le-gouvernement","status":"publish","type":"post","link":"https:\/\/pps.ma\/fr\/9192\/","title":{"rendered":"C\u2019est dans les p\u00e9riodes difficiles que le gouvernement"},"content":{"rendered":"<p>En ce mois de Ramadan o\u00f9 le jeune s\u2019accompagne g\u00e9n\u00e9ralement d\u2019une religiosit\u00e9 qui s\u2019affiche et parfois d\u2019une recherche de la spiritualit\u00e9, les affaires d\u2019ici-bas ne cessent de pr\u00e9occuper.<\/p>\n<p>L\u2019envol\u00e9e des prix qui ne cesse de cro\u00eetre constitue une tourmente pour la majeure partie de la population. A cette perturbation majeure de la vie au quotidien s\u2019ajoute les annonces t\u00e9n\u00e9breuses des responsables de Bank al Maghrib et du Haut-Commissariat au Plan.<\/p>\n<p>Pour ces grands commis de l\u2019Etat, le fl\u00e9au de l\u2019inflation \u00ab continue de s\u2019acc\u00e9l\u00e9rer \u00bb, malgr\u00e9 les actions men\u00e9es par Bank Al Maghrib. M. Lahlimi ne s\u2019arr\u00eate pas au constat mais affirme que l\u2019inflation est devenue structurelle et que \u00ab le levier mon\u00e9taire ne r\u00e9soudra pas le probl\u00e8me \u00bb. Comme prenant acte de l\u2019inaction gouvernementale \u00e0 ce sujet, comme pour d\u2019autres, le Haut-Commissaire au plan annonce \u00ab qu\u2019il faut s\u2019habituer \u00e0 vivre avec \u00bb. Quelle sobre perspective pour le pouvoir d\u2019achat de la population ! A quelques jours des f\u00eates \u00e0 l\u2019occasion de la rupture du je\u00fbne suivie par celle de l\u2019A\u00efd Al Adha ; et les vacances de l\u2019\u00e9t\u00e9 qui approchent, sans parler de la rentr\u00e9e prochaine et de ses d\u00e9penses.<\/p>\n<p>Le mutisme gouvernemental est d\u00e9nonc\u00e9 par le Haut-Commissaire au Plan dont l\u2019avis est de \u00ab traiter l\u2019opinion publique avec respect, la consid\u00e9rer comme mature et lui dire la v\u00e9rit\u00e9 pour qu\u2019elle soit consciente des r\u00e9formes qu\u2019il faut mener \u00bb.<\/p>\n<p>Dire la v\u00e9rit\u00e9 sur le mod\u00e8le de d\u00e9veloppement dont on ne sait plus lequel on pratique, l\u2019ancien ante-covid qui a \u00e9t\u00e9 d\u00e9nonc\u00e9 comme obsol\u00e8te ou le nouveau post-covid qui est devenu \u00ab invisible \u00bb alors que cit\u00e9 en r\u00e9f\u00e9rence lors de l\u2019annonce solennelle du programme gouvernemental.<\/p>\n<p>Dire la v\u00e9rit\u00e9 sur la situation de notre agriculture et des plans color\u00e9s qui l\u2019ont corrompue alors qu\u2019il urge \u00ab d\u2019aller vers une souverainet\u00e9 alimentaire et produire pour ce que nous consommons en premier lieu \u00bb.<\/p>\n<p>Dire la v\u00e9rit\u00e9 sur les raisons fondamentales du mutisme et de l\u2019inaction gouvernementale et expliquer \u00e0 l\u2019opinion publique, mature et responsable, ce qui est advenu et adviendra des rentr\u00e9es fiscales cons\u00e9quentes au rench\u00e9rissement des prix. Des milliards de dirhams \u2026 !<\/p>\n<p>Dire la v\u00e9rit\u00e9 sur le retard \u00e0 mettre en \u0153uvre ce fameux registre social unifi\u00e9 alors que les in\u00e9galit\u00e9s sociales se creusent et que l\u2019appauvrissement augmente. Le gouvernement avait d\u00e9j\u00e0, du temps du confinement suite \u00e0 la pand\u00e9mie, exp\u00e9riment\u00e9 la faisabilit\u00e9 de l\u2019une de ses versions avec un relatifsucc\u00e8s. Quelles sont les causes r\u00e9elles de la procrastination de cette action ?<\/p>\n<p>Dire la v\u00e9rit\u00e9 sur cette volont\u00e9 de \u00ab faire plaisir aux organismes internationaux (FMI, Banque mondiale \u2026) qui n\u2019ont jamais voulu changer leur recette \u00bb et celle de ne pas appliquer ce que permet l\u2019arsenal juridique national pour plafonner les prix \u00e0 la consommation et mettre fin \u00e0 ce d\u00e9faut de concurrence notoire pour profiter de l\u2019augmentation des prix \u00e0 la pompe pour les hydrocarbures.<\/p>\n<p>Sans vouloir aborder les probl\u00e8mes du syst\u00e8me \u00e9ducatif et de la formation, ceux en lien avec l\u2019emploi et la n\u00e9cessaire \u00e9mergence de notre \u00e9conomie pour r\u00e9pondre aux besoins de notre jeunesse, ceux de l\u2019acc\u00e8s aux soins, ceux concernant les libert\u00e9s d\u00e9mocratiques, l\u2019apaisement du champ politique et sa dynamisation pour consolider notre front int\u00e9rieur et notre processus d\u00e9mocratique, ceux en relation avec la situation de la femme\u2026 et d\u2019autres ; il apparait clairement que notre gouvernement s\u2019est appesanti sur la majorit\u00e9 acquise aux derni\u00e8res \u00e9lections pour ne rien faire, ne rien entendre et ne rien dire, comme les \u00ab trois magots \u00bb.<\/p>\n<p>La r\u00e9sistance au changement et le profit \u00e9go\u00efste ne peuvent \u00e0 eux seuls expliquer la paresse gouvernementale. L\u2019\u00e9quipe est faible et m\u00e9connait les attentes l\u00e9gitimes du peuple marocain pour son \u00e9mancipation, son bien\u00eatre, le respect de sa souverainet\u00e9 et pour, comme disait l\u2019autre, \u00ab le temps de vivre \u00bb.<\/p>\n<p>Si \u00ab c\u2019est dans les moments difficiles que l\u2019humain montre la v\u00e9rit\u00e9 de qui il est vraiment \u00bb, il en est de m\u00eame du gouvernement. A lui d\u2019user des moyens dont il dispose pour concr\u00e9tiser au moins son programme et ouvrir des horizons au pays et \u00e0 l\u2019ensemble de ses forces vives.<\/p>\n","protected":false},"excerpt":{"rendered":"<p>En ce mois de Ramadan o\u00f9 le jeune s\u2019accompagne g\u00e9n\u00e9ralement d\u2019une religiosit\u00e9 qui s\u2019affiche et parfois d\u2019une recherche de la spiritualit\u00e9, les affaires d\u2019ici-bas ne cessent de pr\u00e9occuper. L\u2019envol\u00e9e des prix qui ne cesse de cro\u00eetre constitue une tourmente pour la majeure partie de la population. A cette perturbation majeure de la vie au quotidien [&hellip;]<\/p>\n","protected":false},"author":1,"featured_media":5897,"comment_status":"closed","ping_status":"closed","sticky":false,"template":"","format":"standard","meta":{"footnotes":""},"categories":[18],"tags":[],"class_list":["post-9192","post","type-post","status-publish","format-standard","has-post-thumbnail","hentry","category-point-de-vue"],"_links":{"self":[{"href":"https:\/\/pps.ma\/fr\/wp-json\/wp\/v2\/posts\/9192","targetHints":{"allow":["GET"]}}],"collection":[{"href":"https:\/\/pps.ma\/fr\/wp-json\/wp\/v2\/posts"}],"about":[{"href":"https:\/\/pps.ma\/fr\/wp-json\/wp\/v2\/types\/post"}],"author":[{"embeddable":true,"href":"https:\/\/pps.ma\/fr\/wp-json\/wp\/v2\/users\/1"}],"replies":[{"embeddable":true,"href":"https:\/\/pps.ma\/fr\/wp-json\/wp\/v2\/comments?post=9192"}],"version-history":[{"count":1,"href":"https:\/\/pps.ma\/fr\/wp-json\/wp\/v2\/posts\/9192\/revisions"}],"predecessor-version":[{"id":9193,"href":"https:\/\/pps.ma\/fr\/wp-json\/wp\/v2\/posts\/9192\/revisions\/9193"}],"wp:featuredmedia":[{"embeddable":true,"href":"https:\/\/pps.ma\/fr\/wp-json\/wp\/v2\/media\/5897"}],"wp:attachment":[{"href":"https:\/\/pps.ma\/fr\/wp-json\/wp\/v2\/media?parent=9192"}],"wp:term":[{"taxonomy":"category","embeddable":true,"href":"https:\/\/pps.ma\/fr\/wp-json\/wp\/v2\/categories?post=9192"},{"taxonomy":"post_tag","embeddable":true,"href":"https:\/\/pps.ma\/fr\/wp-json\/wp\/v2\/tags?post=9192"}],"curies":[{"name":"wp","href":"https:\/\/api.w.org\/{rel}","templated":true}]}}